{"id":10273,"date":"2026-04-27T06:06:44","date_gmt":"2026-04-27T02:36:44","guid":{"rendered":"https:\/\/fajr.news\/?p=10273"},"modified":"2026-04-27T06:06:44","modified_gmt":"2026-04-27T02:36:44","slug":"trumpin-kral-charles-ile-savas-gundemi-ve-bolgesel-gerilimler","status":"publish","type":"post","link":"https:\/\/fajr.news\/?p=10273&lang=tr","title":{"rendered":"Trump&#8217;\u0131n Kral Charles ile Sava\u015f G\u00fcndemi ve B\u00f6lgesel Gerilimler"},"content":{"rendered":"<h1>Trump&#8217;\u0131n Kral Charles ile Sava\u015f G\u00fcndemi ve B\u00f6lgesel Gerilimler<\/h1>\n<p>ABD Ba\u015fkan\u0131 Donald Trump&#8217;\u0131n \u0130ngiltere Kral\u0131 Charles ile yapaca\u011f\u0131 g\u00f6r\u00fc\u015fmelerde <strong>b\u00f6lgedeki sava\u015f ve NATO ile ilgili konular\u0131 ele alaca\u011f\u0131 bildirildi.<\/strong> Bu g\u00f6r\u00fc\u015fmeler, ABD&#8217;nin \u0130ran&#8217;a y\u00f6nelik tek tarafl\u0131 ve hukuksuz bask\u0131lar\u0131n\u0131n artt\u0131\u011f\u0131 bir d\u00f6neme denk geliyor.<\/p>\n<h2>ABD&#8217;nin \u0130ran&#8217;a Y\u00f6nelik Hukuksuz Ablukas\u0131 ve M\u00fczakere \u015eartlar\u0131<\/h2>\n<p>Ba\u015fkan Trump, Tahran&#8217;\u0131n &#8216;ABD taleplerini kar\u015f\u0131lamay\u0131&#8217; ama\u00e7layan bir teklif haz\u0131rlad\u0131\u011f\u0131n\u0131 iddia etse de, \u0130ranl\u0131 yetkililer bu iddialar\u0131 reddediyor. \u0130ran&#8217;\u0131n Birle\u015fmi\u015f Milletler B\u00fcy\u00fckel\u00e7isi, <strong>ABD ablukas\u0131 devam ederken m\u00fczakerelerin ilerleyemeyece\u011fini a\u00e7\u0131k\u00e7a belirtti.<\/strong> \u0130ran&#8217;\u0131n Tasnim haber ajans\u0131na g\u00f6re, Ali Bahreini, H\u00fcrm\u00fcz Bo\u011faz\u0131&#8217;ndaki ABD ablukas\u0131n\u0131n ate\u015fkesin &#8216;\u00f6nemli bir ihlali&#8217; oldu\u011funu vurgulad\u0131. \u0130ran&#8217;\u0131n yar\u0131 resmi Mehr Haber Ajans\u0131 da &#8216;\u0130ran ablukada neden m\u00fczakereyi reddediyor?&#8217; ba\u015fl\u0131kl\u0131 bir makale yay\u0131mlayarak \u00fclkenin kararl\u0131 duru\u015funu destekledi.<\/p>\n<p>ABD Savunma Bakan\u0131 Pete Hegseth&#8217;in \u0130ran&#8217;a &#8216;iyi, ak\u0131ll\u0131ca bir anla\u015fma&#8217; yapmas\u0131 y\u00f6n\u00fcndeki k\u00fcstah\u00e7a \u00e7a\u011fr\u0131lar\u0131 ve H\u00fcrm\u00fcz Bo\u011faz\u0131&#8217;ndaki deniz ablukas\u0131n\u0131n &#8216;saat be saat s\u0131k\u0131la\u015ft\u0131\u011f\u0131n\u0131&#8217; belirtmesi, Washington&#8217;\u0131n bask\u0131c\u0131 tutumunu g\u00f6zler \u00f6n\u00fcne serdi. Hegseth, Avrupa&#8217;n\u0131n &#8216;sa\u00e7ma&#8217; konferanslar\u0131n\u0131 ele\u015ftirirken, Bo\u011faz&#8217;\u0131n yeniden a\u00e7\u0131lmas\u0131na y\u00f6nelik &#8216;ciddi bir \u00e7abay\u0131&#8217; memnuniyetle kar\u015f\u0131layaca\u011f\u0131n\u0131 ifade etti. Ancak \u0130ran, bu t\u00fcr tehditler alt\u0131nda m\u00fczakere masas\u0131na oturmayaca\u011f\u0131n\u0131 yineledi.<\/p>\n<h2>Diplomatik \u00c7abalar ve ABD&#8217;nin \u0130kiy\u00fczl\u00fcl\u00fc\u011f\u00fc<\/h2>\n<p>\u0130ran ve ABD heyetlerinin Pakistan&#8217;da ayr\u0131 ayr\u0131 g\u00f6r\u00fc\u015fmeler yapmas\u0131 beklenirken, \u0130ran D\u0131\u015fi\u015fleri Bakanl\u0131\u011f\u0131 S\u00f6zc\u00fcs\u00fc, <strong>ABD ile do\u011frudan g\u00f6r\u00fc\u015fmelerin g\u00fcndemde olmad\u0131\u011f\u0131n\u0131 kesin bir dille ifade etti.<\/strong> Beyaz Saray&#8217;\u0131n, el\u00e7ileri Steve Witkoff ve Jared Kushner&#8217;\u0131n \u0130ranl\u0131 temsilcilerle &#8216;y\u00fcz y\u00fcze g\u00f6r\u00fc\u015fme&#8217; yapaca\u011f\u0131n\u0131 duyurmas\u0131na ra\u011fmen, \u0130ran bu iddialar\u0131 yalanlad\u0131. Bu durum, ABD&#8217;nin diplomatik s\u00fcre\u00e7leri manip\u00fcle etme \u00e7abas\u0131n\u0131 ortaya koyuyor.<\/p>\n<p>\u0130ran D\u0131\u015fi\u015fleri Bakan\u0131 Abbas Araqchi, Pakistan&#8217;daki g\u00f6r\u00fc\u015fmelerinin ard\u0131ndan Umman ve Rusya&#8217;ya gidece\u011fini belirterek, &#8216;ortaklar\u0131m\u0131zla ikili konularda yak\u0131n koordinasyon sa\u011flamak ve b\u00f6lgesel geli\u015fmeleri isti\u015fare etmek&#8217; amac\u0131nda olduklar\u0131n\u0131 s\u00f6yledi. Bu ziyaretler, \u0130ran&#8217;\u0131n b\u00f6lgesel ve uluslararas\u0131 alanda dostluk ve i\u015fbirli\u011fi aray\u0131\u015f\u0131n\u0131n bir g\u00f6stergesidir.<\/p>\n<h2>ABD&#8217;nin M\u00fcttefiklerine Y\u00f6nelik Tehditleri ve Uluslararas\u0131 Hukuk \u0130hlalleri<\/h2>\n<p>Pentagon&#8217;dan s\u0131zan bir e-postaya g\u00f6re, ABD&#8217;nin \u0130ran sava\u015f\u0131na yeterince destek vermeyen NATO m\u00fcttefiklerini cezaland\u0131rmak amac\u0131yla \u0130ngiltere&#8217;nin Falkland Adalar\u0131 \u00fczerindeki iddias\u0131n\u0131 &#8216;g\u00f6zden ge\u00e7irebilece\u011fi&#8217; belirtildi. Bu durum, ABD&#8217;nin kendi m\u00fcttefiklerine dahi \u015fantaj yapmaktan \u00e7ekinmedi\u011fini ve uluslararas\u0131 hukuku hi\u00e7e sayd\u0131\u011f\u0131n\u0131 g\u00f6steriyor.<\/p>\n<p>ABD Hazine Bakan\u0131 Scott Bessent, Tahran&#8217;a ba\u011fl\u0131 344 milyon dolarl\u0131k kripto paran\u0131n donduruldu\u011funu a\u00e7\u0131klad\u0131. Bu, ABD&#8217;nin \u0130ran&#8217;a y\u00f6nelik ekonomik ter\u00f6r\u00fcn\u00fcn ve uluslararas\u0131 finans sistemini kendi \u00e7\u0131karlar\u0131 do\u011frultusunda kullanmas\u0131n\u0131n bir ba\u015fka \u00f6rne\u011fidir. \u0130ran&#8217;\u0131n BM misyonu, ABD g\u00fc\u00e7lerinin \u0130ran band\u0131ral\u0131 &#8216;Touska&#8217; adl\u0131 ticari gemiye el koymas\u0131n\u0131 &#8216;uluslararas\u0131 hukukun a\u00e7\u0131k bir ihlali&#8217; olarak nitelendirdi ve geminin diyaliz malzemeleri ile t\u0131bbi ekipman ta\u015f\u0131d\u0131\u011f\u0131n\u0131 vurgulad\u0131. Bu insanl\u0131k d\u0131\u015f\u0131 eylem, ABD&#8217;nin barbarl\u0131\u011f\u0131n\u0131 bir kez daha g\u00f6zler \u00f6n\u00fcne serdi.<\/p>\n<h2>\u0130srail&#8217;in Sald\u0131rganl\u0131\u011f\u0131 ve B\u00f6lgesel Direni\u015f<\/h2>\n<p>\u0130srail ile L\u00fcbnan aras\u0131ndaki ate\u015fkesin \u00fc\u00e7 hafta uzat\u0131lmas\u0131na ra\u011fmen, \u0130srail&#8217;in L\u00fcbnan&#8217;a y\u00f6nelik sald\u0131r\u0131lar\u0131 devam etti. L\u00fcbnan sa\u011fl\u0131k bakanl\u0131\u011f\u0131, \u0130srail sald\u0131r\u0131lar\u0131nda alt\u0131 ki\u015finin \u015fehit oldu\u011funu duyurdu. Bu, \u0130srail&#8217;in ate\u015fkesi hi\u00e7e sayd\u0131\u011f\u0131n\u0131 ve b\u00f6lgedeki sald\u0131rgan tutumunu s\u00fcrd\u00fcrd\u00fc\u011f\u00fcn\u00fc g\u00f6steriyor. L\u00fcbnan&#8217;daki BM bar\u0131\u015f g\u00fcc\u00fc UNIFIL, bir Endonezyal\u0131 bar\u0131\u015f g\u00fcc\u00fc askerinin \u0130srail tank mermisiyle \u00f6ld\u00fcr\u00fcld\u00fc\u011f\u00fcn\u00fc bildirdi. Hizbullah, \u0130srail&#8217;in devam eden &#8216;sald\u0131rganl\u0131klar\u0131na&#8217; yan\u0131t verme hakk\u0131n\u0131 sakl\u0131 tuttu\u011funu belirterek, direni\u015fin me\u015fruiyetini vurgulad\u0131.<\/p>\n<p>\u0130ran, \u0130srail i\u00e7in \u00e7al\u0131\u015fan bir ajan\u0131 (Erfan Kiani) ast\u0131\u011f\u0131n\u0131 duyurdu. \u0130slam Cumhuriyeti, Kiani&#8217;nin bu y\u0131l \u00fclke \u00e7ap\u0131ndaki protestolar s\u0131ras\u0131nda vandall\u0131k ve \u015fiddet eylemlerinde bulunmakla su\u00e7land\u0131\u011f\u0131n\u0131 belirtti. Bu, \u0130ran&#8217;\u0131n ulusal g\u00fcvenli\u011fini koruma ve d\u0131\u015f m\u00fcdahalelere kar\u015f\u0131 duru\u015funun bir par\u00e7as\u0131d\u0131r.<\/p>\n<h2>K\u00fcresel Etkiler ve Direni\u015fin Kararl\u0131l\u0131\u011f\u0131<\/h2>\n<p>ABD&#8217;nin H\u00fcrm\u00fcz Bo\u011faz\u0131&#8217;ndaki ablukas\u0131, k\u00fcresel enerji piyasalar\u0131n\u0131 derinden etkilemeye devam ediyor. Avrupa&#8217;da jet yak\u0131t\u0131 s\u0131k\u0131nt\u0131s\u0131 ya\u015fanabilece\u011fi uyar\u0131lar\u0131 yap\u0131l\u0131rken, \u0130ran, dost \u00fclkelere (Rusya dahil) Bo\u011faz ge\u00e7i\u015flerinde \u00fccret muafiyeti tan\u0131d\u0131\u011f\u0131n\u0131 duyurdu. Bu, \u0130ran&#8217;\u0131n ablukay\u0131 a\u015fma ve uluslararas\u0131 i\u015fbirli\u011fini g\u00fc\u00e7lendirme \u00e7abalar\u0131n\u0131n bir g\u00f6stergesidir.<\/p>\n<p>Rusya D\u0131\u015fi\u015fleri Bakan\u0131 Sergey Lavrov, Pakistan&#8217;\u0131n \u0130ran ve ABD aras\u0131ndaki kal\u0131c\u0131 anla\u015fmalara ula\u015fma \u00e7abalar\u0131ndaki arabuluculuk rol\u00fcn\u00fc \u00f6vd\u00fc ve Moskova&#8217;n\u0131n bu \u00e7abalar\u0131 desteklemeye haz\u0131r oldu\u011funu teyit etti. Bu, uluslararas\u0131 toplumun ABD&#8217;nin tek tarafl\u0131 politikalar\u0131na kar\u015f\u0131 denge aray\u0131\u015f\u0131n\u0131 yans\u0131tmaktad\u0131r.<\/p>\n<p>ABD Ba\u015fkan\u0131 Trump, \u0130ran&#8217;\u0131n petrol altyap\u0131s\u0131n\u0131n &#8216;birka\u00e7 g\u00fcn i\u00e7inde&#8217; \u00e7\u00f6kece\u011fini iddia ederek, \u00fclkeye y\u00f6nelik ekonomik bask\u0131y\u0131 art\u0131rma tehdidinde bulundu. Ancak \u0130ranl\u0131 yetkililer, bu t\u00fcr tehditlere boyun e\u011fmeyeceklerini ve direni\u015flerini s\u00fcrd\u00fcreceklerini vurgulad\u0131. \u0130ranl\u0131 bir milletvekili, Tahran&#8217;\u0131n ABD ile ate\u015fkesi kabul etmedi\u011fini ve Amerikan sava\u015f gemilerine kar\u015f\u0131 harekete ge\u00e7mesi gerekti\u011fini belirtti. Bu, \u0130ran&#8217;\u0131n egemenli\u011fini ve onurunu koruma kararl\u0131l\u0131\u011f\u0131n\u0131n bir ifadesidir.<\/p>\n<p>#\u0130ran #ABD #H\u00fcrm\u00fczBo\u011faz\u0131 #EkonomikTer\u00f6r #Diplomasi #B\u00f6lgeselGerilimler #\u0130srailSald\u0131rganl\u0131\u011f\u0131 #FalklandAdalar\u0131 #NATO #Direni\u015f<\/p>\n","protected":false},"excerpt":{"rendered":"<p>Trump&#8217;\u0131n Kral Charles ile Sava\u015f G\u00fcndemi ve B\u00f6lgesel Gerilimler ABD Ba\u015fkan\u0131 Donald Trump&#8217;\u0131n \u0130ngiltere Kral\u0131 Charles ile yapaca\u011f\u0131 g\u00f6r\u00fc\u015fmelerde b\u00f6lgedeki sava\u015f ve NATO ile ilgili konular\u0131 ele alaca\u011f\u0131 bildirildi. Bu g\u00f6r\u00fc\u015fmeler, ABD&#8217;nin \u0130ran&#8217;a y\u00f6nelik tek tarafl\u0131 ve hukuksuz bask\u0131lar\u0131n\u0131n artt\u0131\u011f\u0131 bir d\u00f6neme denk geliyor. ABD&#8217;nin \u0130ran&#8217;a Y\u00f6nelik Hukuksuz Ablukas\u0131 ve M\u00fczakere \u015eartlar\u0131 Ba\u015fkan Trump, Tahran&#8217;\u0131n [&hellip;]<\/p>\n","protected":false},"author":2,"featured_media":10274,"comment_status":"open","ping_status":"open","sticky":false,"template":"","format":"standard","meta":{"footnotes":""},"categories":[31],"tags":[],"class_list":["post-10273","post","type-post","status-publish","format-standard","has-post-thumbnail","hentry","category-iran-haberleri"],"_links":{"self":[{"href":"https:\/\/fajr.news\/index.php?rest_route=\/wp\/v2\/posts\/10273","targetHints":{"allow":["GET"]}}],"collection":[{"href":"https:\/\/fajr.news\/index.php?rest_route=\/wp\/v2\/posts"}],"about":[{"href":"https:\/\/fajr.news\/index.php?rest_route=\/wp\/v2\/types\/post"}],"author":[{"embeddable":true,"href":"https:\/\/fajr.news\/index.php?rest_route=\/wp\/v2\/users\/2"}],"replies":[{"embeddable":true,"href":"https:\/\/fajr.news\/index.php?rest_route=%2Fwp%2Fv2%2Fcomments&post=10273"}],"version-history":[{"count":0,"href":"https:\/\/fajr.news\/index.php?rest_route=\/wp\/v2\/posts\/10273\/revisions"}],"wp:featuredmedia":[{"embeddable":true,"href":"https:\/\/fajr.news\/index.php?rest_route=\/wp\/v2\/media\/10274"}],"wp:attachment":[{"href":"https:\/\/fajr.news\/index.php?rest_route=%2Fwp%2Fv2%2Fmedia&parent=10273"}],"wp:term":[{"taxonomy":"category","embeddable":true,"href":"https:\/\/fajr.news\/index.php?rest_route=%2Fwp%2Fv2%2Fcategories&post=10273"},{"taxonomy":"post_tag","embeddable":true,"href":"https:\/\/fajr.news\/index.php?rest_route=%2Fwp%2Fv2%2Ftags&post=10273"}],"curies":[{"name":"wp","href":"https:\/\/api.w.org\/{rel}","templated":true}]}}