{"id":10265,"date":"2026-04-27T05:34:18","date_gmt":"2026-04-27T02:04:18","guid":{"rendered":"https:\/\/fajr.news\/?p=10265"},"modified":"2026-04-27T05:34:18","modified_gmt":"2026-04-27T02:04:18","slug":"taylor-kotu-ulkelerden-kotu-insanlarin-gelme-riskinin-daha-yuksek-oldugunu-ve-ulkeye-hos-geldin-torenlerinin-asiri-kullanildigini-soyledi","status":"publish","type":"post","link":"https:\/\/fajr.news\/?p=10265&lang=tr","title":{"rendered":"Taylor, &#8216;k\u00f6t\u00fc \u00fclkelerden k\u00f6t\u00fc insanlar\u0131n gelme riskinin daha y\u00fcksek oldu\u011funu&#8217; ve &#8216;\u00fclkeye ho\u015f geldin t\u00f6renlerinin a\u015f\u0131r\u0131 kullan\u0131ld\u0131\u011f\u0131n\u0131&#8217; s\u00f6yledi."},"content":{"rendered":"<p>Muhalefet lideri, g\u00f6\u00e7menlik politikas\u0131 konusunda \u0131srar etti ve ABC r\u00f6portaj\u0131nda Farrer&#8217;deki ba\u011f\u0131ms\u0131z adaya kar\u015f\u0131 One Nation&#8217;\u0131 tercih etmesini savundu.<\/p>\n<p>Son dakika haber e-postam\u0131z\u0131, \u00fccretsiz uygulamam\u0131z\u0131 veya g\u00fcnl\u00fck haber podcast&#8217;imizi al\u0131n.<\/p>\n<p>Muhalefet lideri Angus Taylor, \u201co k\u00f6t\u00fc \u00fclkelerden baz\u0131 k\u00f6t\u00fc insanlar\u0131n gelme riskinin daha y\u00fcksek oldu\u011funu\u201d s\u00f6yleyerek g\u00f6\u00e7menlik politikas\u0131 konusunda \u0131srar etti ve Pauline Hanson\u2019\u0131n sert duru\u015funu ele\u015ftirmeyi reddetti.<\/p>\n<p>Pazar g\u00fcn\u00fc ABC\u2019nin Insiders program\u0131na konu\u015fan Taylor, Cumartesi g\u00fcnk\u00fc Anzak G\u00fcn\u00fc \u015fafak ayinlerinden baz\u0131lar\u0131nda ya\u015fanan yuhalama olaylar\u0131n\u0131n ard\u0131ndan Yerli halka ho\u015f geldin t\u00f6renlerinin a\u015f\u0131r\u0131 kullan\u0131ld\u0131\u011f\u0131n\u0131 belirtti. Ayr\u0131ca, yakla\u015fan Farrer ara se\u00e7iminde ba\u011f\u0131ms\u0131z toplum aday\u0131 Michelle Milthorpe yerine One Nation\u2019\u0131 tercih etmesini savunarak, \u201cteal\u201d olarak adland\u0131r\u0131lan adaylar\u0131n \u201cYe\u015filler ile birlikte oy kulland\u0131\u011f\u0131n\u0131\u201d iddia etti.<\/p>\n<p>Liberal lider se\u00e7ildi\u011finden bu yana Taylor, \u201ck\u00f6ktendinciler, a\u015f\u0131r\u0131l\u0131k yanl\u0131lar\u0131 ve diktat\u00f6rler taraf\u0131ndan y\u00f6netilen\u201d \u00fclkelerden gelen g\u00f6\u00e7menlerin liberal demokratik de\u011ferlere \u201cuyma\u201d olas\u0131l\u0131klar\u0131n\u0131n daha d\u00fc\u015f\u00fck oldu\u011funu \u00f6zellikle vurgulad\u0131.<\/p>\n<p>Angus Taylor\u2019\u0131n yeni g\u00f6\u00e7 plan\u0131nda neler var ve bu plan Trump\u2019\u0131n ABD\u2019deki yakla\u015f\u0131m\u0131ndan m\u0131 esinleniyor?<\/p>\n<p>Pazar g\u00fcn\u00fc, \u00c7in veya Vietnam\u2019dan gelen g\u00f6\u00e7menlerin Britanya\u2019dan gelen g\u00f6\u00e7menlere g\u00f6re uyum sa\u011flama olas\u0131l\u0131klar\u0131n\u0131n daha d\u00fc\u015f\u00fck olup olmad\u0131\u011f\u0131 soruldu\u011funda, daha da ileri giderek baz\u0131 \u00fclkeleri \u201ck\u00f6t\u00fc \u00fclkeler\u201d olarak nitelendirdi.<\/p>\n<p>Taylor, \u201cK\u00f6t\u00fc \u00fclkelerden bir\u00e7ok iyi insan gelir. Baz\u0131 b\u00fcy\u00fck Avustralyal\u0131lar, o zamanlar k\u00f6t\u00fc \u00fclkeler olan yerlerden geldi,\u201d dedi.<\/p>\n<p>\u201cAncak o k\u00f6t\u00fc \u00fclkelerden baz\u0131 k\u00f6t\u00fc insanlar\u0131n gelme riski daha y\u00fcksek.\u201d<\/p>\n<p>Taylor, \u0130ran\u2019\u0131 \u201ck\u00f6t\u00fc bir \u00fclke\u201d olarak i\u015faret etti ancak ba\u015fka hi\u00e7bir \u00fclkenin ad\u0131n\u0131 do\u011frudan vermedi.<\/p>\n<p>\u201cD\u00fcnyan\u0131n d\u00f6rt bir yan\u0131nda k\u00f6t\u00fc \u00fclkeler var. Yani, \u0130ran\u2019\u0131n \u015fu anda iyi bir \u00fclke oldu\u011funu iddia etmek, cidden, ve h\u00fck\u00fcmetin kendisi \u0130ran\u2019dan insanlar\u0131n gelmesini zorla\u015ft\u0131rmak i\u00e7in yasa \u00e7\u0131kard\u0131. Gazze\u2019den gelen korkun\u00e7 zul\u00fcm eylemleri g\u00f6rd\u00fck,\u201d dedi.<\/p>\n<p>\u201cYani, Orta Do\u011fu\u2019da ve ba\u015fka yerlerde kendi n\u00fcfuslar\u0131na kar\u015f\u0131 b\u00fcy\u00fck zul\u00fcmler i\u015flediklerini biliyoruz.\u201d<\/p>\n<p>Avustralya\u2019n\u0131n ayr\u0131mc\u0131 olmayan bir g\u00f6\u00e7 sistemi var, yani belirli \u00fclkelerden gelen ki\u015filerin \u00fclkeye giri\u015f ba\u015fvurusu yapmas\u0131 engellenmiyor. Taylor, partisinin politikas\u0131n\u0131n buna uygun oldu\u011funu ve Avustralya\u2019n\u0131n \u201ctemel de\u011ferlerini\u201d kabul etmeyen ki\u015filere g\u00f6re ayr\u0131mc\u0131l\u0131k yapaca\u011f\u0131n\u0131 s\u00f6yledi.<\/p>\n<p>\u0130\u015f\u00e7i Partisi h\u00fck\u00fcmeti ge\u00e7en ay, ziyaret\u00e7ilerin \u0130ran\u2019a geri d\u00f6nemeyebilece\u011fi endi\u015feleri \u00fczerine yeni bir yasa kapsam\u0131nda yakla\u015f\u0131k 7.000 \u0130ran uyruklu ziyaret\u00e7i vizesi sahibinin alt\u0131 ay boyunca Avustralya\u2019ya seyahat etmesini yasaklad\u0131.<\/p>\n<p>Taylor ayr\u0131ca Hanson\u2019\u0131n g\u00f6\u00e7 konusundaki dilini ele\u015ftirmeyi reddetti ve baz\u0131 konularda onunla hemfikir oldu\u011funu s\u00f6yledi.<\/p>\n<p>Taylor, \u201cBaz\u0131 konularda ayn\u0131 fikirde olabiliriz ve eminim ki ayn\u0131 fikirde olmad\u0131\u011f\u0131m\u0131z \u015feyler de vard\u0131r,\u201d dedi.<\/p>\n<p>Hanson, t\u00fcm vizelerin y\u0131ll\u0131k 130.000 ile s\u0131n\u0131rland\u0131r\u0131lmas\u0131 \u00e7a\u011fr\u0131s\u0131nda bulunurken, Liberal Parti\u2019nin bu konudaki daha sert duru\u015funun kendi ba\u015far\u0131s\u0131 oldu\u011funu iddia etti.<\/p>\n<p>Pazar g\u00fcn\u00fc Hanson ve Ulusal Parti lideri Matt Canavan, parlamentoda g\u00f6\u00e7menlik kar\u015f\u0131t\u0131 bir mitinge kat\u0131ld\u0131. Canavan, kat\u0131l\u0131mc\u0131lara \u00fclkenin \u00e7e\u015fitlilik hakk\u0131nda \u00e7ok fazla konu\u015ftu\u011funu s\u00f6yledi.<\/p>\n<p>\u201c\u00c7e\u015fitlilik hakk\u0131nda biraz fazla konu\u015ftuk. Hepimiz farkl\u0131y\u0131z\u2026 Ve bu harika, ama \u015fimdi sadece bunun hakk\u0131nda konu\u015fuyoruz ve birle\u015fmek, tek bir ulus olmak hakk\u0131nda yeterince konu\u015fmuyoruz.\u201d<\/p>\n<p>Taylor, Sussan Ley\u2019in eski Farrer b\u00f6lgesinde ba\u011f\u0131ms\u0131z toplum aday\u0131 yerine One Nation\u2019\u0131 tercih etmesini \u201cen az k\u00f6t\u00fc se\u00e7enek\u201d olarak savunarak savundu. Liberaller, Ulusal Parti\u2019den Brad Robertson\u2019\u0131 ikinci s\u0131raya, One Nation aday\u0131 David Farley\u2019i d\u00f6rd\u00fcnc\u00fc s\u0131raya ve Milthorpe\u2019u dokuzuncu s\u0131raya yerle\u015ftirecek.<\/p>\n<p>Milthorpe ve Farley, ara se\u00e7imde \u00f6nde gelen adaylar olarak g\u00f6r\u00fcl\u00fcyor, bu da tercih ak\u0131\u015f\u0131n\u0131n nihai sonu\u00e7 i\u00e7in \u00e7ok \u00f6nemli olabilece\u011fi anlam\u0131na geliyor.<\/p>\n<p>Ley, Farrer b\u00f6lgesini 25 y\u0131l boyunca temsil etti. Daha \u00f6nce bu koltuk Ulusal Parti taraf\u0131ndan tutuluyordu.<\/p>\n<p>Taylor, \u201cTercih yaparken en az k\u00f6t\u00fc se\u00e7ene\u011fi se\u00e7ersiniz ve Liberal Parti i\u00e7in en az k\u00f6t\u00fc se\u00e7enek Ulusal Parti\u2019dir,\u201d dedi.<\/p>\n<p>\u201cBu parlamentoda enerji sistemimizi mahveden, suya eri\u015fimi ve tar\u0131m topluluklar\u0131m\u0131z\u0131n g\u00fcc\u00fcn\u00fc mahveden bir grup \u2018teal\u2019 var ve biz bunu destekleyemeyiz\u2026 \u00c7o\u011fu zaman Ye\u015filler ile birlikte oy kullan\u0131yorlar.\u201d<\/p>\n<p>Milthorpe, Guardian Australia\u2019ya \u201cteal\u201d olmad\u0131\u011f\u0131n\u0131, ancak Climate 200\u2019den bir miktar destek ald\u0131\u011f\u0131n\u0131 s\u00f6yledi.<\/p>\n<p>Pazar g\u00fcn\u00fc Taylor, Cumartesi g\u00fcn\u00fc Sidney, Melbourne ve Perth\u2019teki Anzak G\u00fcn\u00fc \u015fafak ayinlerinde Yerli halka y\u00f6nelik \u00fclke tan\u0131ma t\u00f6renlerinin yuhalanmas\u0131n\u0131 da k\u0131nad\u0131. Martin Place\u2019deki t\u00f6ren s\u0131ras\u0131nda bir ki\u015fi polis taraf\u0131ndan tutukland\u0131.<\/p>\n<p>Taylor bunu \u201ckesinlikle uygunsuz ve Avustralya\u2019ya yak\u0131\u015fmayan\u201d bir durum olarak nitelendirdi ancak \u00fclkeye ho\u015f geldin t\u00f6renlerinin \u201ca\u015f\u0131r\u0131 kullan\u0131ld\u0131\u011f\u0131na\u201d inand\u0131\u011f\u0131n\u0131 s\u00f6yledi. \u00dclkeye ho\u015f geldin ve \u00fclke tan\u0131ma t\u00f6renleri farkl\u0131d\u0131r.<\/p>\n<p>Taylor, \u201cBazen, asl\u0131nda s\u0131k s\u0131k, bunun a\u015f\u0131r\u0131 kullan\u0131ld\u0131\u011f\u0131n\u0131 ve bunun sonucunda de\u011ferlerinin d\u00fc\u015ft\u00fc\u011f\u00fcn\u00fc hissediyorum,\u201d dedi. \u201cOnlar\u0131n daha az kullan\u0131lmas\u0131n\u0131 ve dolay\u0131s\u0131yla zamanla oldu\u011fu gibi de\u011ferlerinin d\u00fc\u015fmemesini isterim.\u201d<\/p>\n<p>Eski Liberal lider Peter Dutton, 2025 se\u00e7im kampanyas\u0131 s\u0131ras\u0131nda \u00fclkeye ho\u015f geldin t\u00f6renlerinin \u201cabart\u0131ld\u0131\u011f\u0131n\u0131\u201d s\u00f6ylemi\u015fti.<\/p>\n<p>#AvustralyaSiyaseti #AngusTaylor #G\u00f6\u00e7menlikPolitikas\u0131 #AnzakG\u00fcn\u00fc #YerliT\u00f6renleri #OneNation #FarrerSe\u00e7imi #LiberalParti #PaulineHanson #AvustralyaDe\u011ferleri<\/p>\n","protected":false},"excerpt":{"rendered":"<p>Muhalefet lideri, g\u00f6\u00e7menlik politikas\u0131 konusunda \u0131srar etti ve ABC r\u00f6portaj\u0131nda Farrer&#8217;deki ba\u011f\u0131ms\u0131z adaya kar\u015f\u0131 One Nation&#8217;\u0131 tercih etmesini savundu. Son dakika haber e-postam\u0131z\u0131, \u00fccretsiz uygulamam\u0131z\u0131 veya g\u00fcnl\u00fck haber podcast&#8217;imizi al\u0131n. Muhalefet lideri Angus Taylor, \u201co k\u00f6t\u00fc \u00fclkelerden baz\u0131 k\u00f6t\u00fc insanlar\u0131n gelme riskinin daha y\u00fcksek oldu\u011funu\u201d s\u00f6yleyerek g\u00f6\u00e7menlik politikas\u0131 konusunda \u0131srar etti ve Pauline Hanson\u2019\u0131n sert [&hellip;]<\/p>\n","protected":false},"author":2,"featured_media":10266,"comment_status":"open","ping_status":"open","sticky":false,"template":"","format":"standard","meta":{"footnotes":""},"categories":[31],"tags":[],"class_list":["post-10265","post","type-post","status-publish","format-standard","has-post-thumbnail","hentry","category-iran-haberleri"],"_links":{"self":[{"href":"https:\/\/fajr.news\/index.php?rest_route=\/wp\/v2\/posts\/10265","targetHints":{"allow":["GET"]}}],"collection":[{"href":"https:\/\/fajr.news\/index.php?rest_route=\/wp\/v2\/posts"}],"about":[{"href":"https:\/\/fajr.news\/index.php?rest_route=\/wp\/v2\/types\/post"}],"author":[{"embeddable":true,"href":"https:\/\/fajr.news\/index.php?rest_route=\/wp\/v2\/users\/2"}],"replies":[{"embeddable":true,"href":"https:\/\/fajr.news\/index.php?rest_route=%2Fwp%2Fv2%2Fcomments&post=10265"}],"version-history":[{"count":0,"href":"https:\/\/fajr.news\/index.php?rest_route=\/wp\/v2\/posts\/10265\/revisions"}],"wp:featuredmedia":[{"embeddable":true,"href":"https:\/\/fajr.news\/index.php?rest_route=\/wp\/v2\/media\/10266"}],"wp:attachment":[{"href":"https:\/\/fajr.news\/index.php?rest_route=%2Fwp%2Fv2%2Fmedia&parent=10265"}],"wp:term":[{"taxonomy":"category","embeddable":true,"href":"https:\/\/fajr.news\/index.php?rest_route=%2Fwp%2Fv2%2Fcategories&post=10265"},{"taxonomy":"post_tag","embeddable":true,"href":"https:\/\/fajr.news\/index.php?rest_route=%2Fwp%2Fv2%2Ftags&post=10265"}],"curies":[{"name":"wp","href":"https:\/\/api.w.org\/{rel}","templated":true}]}}