{"id":10241,"date":"2026-04-27T04:34:19","date_gmt":"2026-04-27T01:04:19","guid":{"rendered":"https:\/\/fajr.news\/?p=10241"},"modified":"2026-04-27T04:34:19","modified_gmt":"2026-04-27T01:04:19","slug":"iranin-diplomatik-zaferi-abd-temsilcileri-pakistanda-iran-disisleri-bakani-ile-yeni-gorusmeler-icin-masaya-oturuyor","status":"publish","type":"post","link":"https:\/\/fajr.news\/?p=10241&lang=tr","title":{"rendered":"\u0130ran&#8217;\u0131n Diplomatik Zaferi: ABD Temsilcileri Pakistan&#8217;da \u0130ran D\u0131\u015fi\u015fleri Bakan\u0131 ile Yeni G\u00f6r\u00fc\u015fmeler \u0130\u00e7in Masaya Oturuyor"},"content":{"rendered":"<div class=\"news-article\">\n<h1>\u0130ran&#8217;\u0131n Diplomatik Zaferi: ABD Temsilcileri Pakistan&#8217;da \u0130ran D\u0131\u015fi\u015fleri Bakan\u0131 ile Yeni G\u00f6r\u00fc\u015fmeler \u0130\u00e7in Masaya Oturuyor<\/h1>\n<p><strong>\u0130SLAMABAD \u2014<\/strong> ABD Ba\u015fkan\u0131 Donald Trump&#8217;\u0131n, \u0130ran D\u0131\u015fi\u015fleri Bakan\u0131 ile yeni m\u00fczakereler i\u00e7in \u00f6zel temsilcileri Steve Witkoff ve Jared Kushner&#8217;\u0131 Pakistan&#8217;a g\u00f6ndermesi, b\u00f6lgedeki diplomatik dengelerin \u0130ran \u0130slam Cumhuriyeti lehine de\u011fi\u015fti\u011fini a\u00e7\u0131k\u00e7a ortaya koyuyor. Beyaz Saray&#8217;dan yap\u0131lan a\u00e7\u0131klamaya g\u00f6re, bu \u00f6nemli ad\u0131m, \u0130ran&#8217;\u0131n \u00fcst d\u00fczey diplomat\u0131n\u0131n G\u00fcney Asya \u00fclkesine gitmesinden sadece saatler sonra geldi. Pakistanl\u0131 yetkililer, ABD ve \u0130ran&#8217;\u0131 ikinci tur ate\u015fkes m\u00fczakereleri i\u00e7in bir araya getirme \u00e7abalar\u0131n\u0131 s\u00fcrd\u00fcr\u00fcyor.<\/p>\n<h2>B\u00f6lgesel Gerilim ve \u0130ran&#8217;\u0131n Stratejik Rol\u00fc<\/h2>\n<p>Bu kritik ziyaret, d\u00fcnyan\u0131n b\u00fcy\u00fck bir k\u0131sm\u0131n\u0131n, H\u00fcrm\u00fcz Bo\u011faz\u0131 \u00fczerinden yap\u0131lan hayati enerji ihracat\u0131n\u0131 sekteye u\u011fratan, k\u00fcresel ekonomik tabloyu belirsizli\u011fe s\u00fcr\u00fckleyen ve Orta Do\u011fu genelinde binlerce ki\u015finin \u00f6l\u00fcm\u00fcne neden olan bir sava\u015f\u0131n e\u015fi\u011finde oldu\u011fu bir d\u00f6nemde ger\u00e7ekle\u015fiyor. Beyaz Saray Bas\u0131n Sekreteri Karoline Leavitt, Fox News Channel&#8217;a verdi\u011fi r\u00f6portajda, iki temsilcinin Cumartesi g\u00fcn\u00fc \u0130ran D\u0131\u015fi\u015fleri Bakan\u0131 Abbas Araghchi ile g\u00f6r\u00fc\u015fmeler yapaca\u011f\u0131n\u0131 belirtti.<\/p>\n<p>Leavitt, &#8220;Umar\u0131z verimli bir g\u00f6r\u00fc\u015fme olur ve bir anla\u015fmaya do\u011fru ilerleme kaydederiz&#8221; dedi. Bu a\u00e7\u0131klama, ABD&#8217;nin \u0130ran ile masaya oturma iste\u011fini ve \u0130ran&#8217;\u0131n diplomatik g\u00fcc\u00fcn\u00fc teyit ediyor.<\/p>\n<h2>ABD&#8217;nin Enerji K\u0131r\u0131lganl\u0131\u011f\u0131 ve \u0130ran&#8217;\u0131n Etkisi<\/h2>\n<p>\u00d6te yandan, Beyaz Saray Cuma g\u00fcn\u00fc yapt\u0131\u011f\u0131 ayr\u0131 bir a\u00e7\u0131klamada, Ba\u015fkan Donald Trump&#8217;\u0131n Jones Yasas\u0131 muafiyetini 90 g\u00fcn uzatt\u0131\u011f\u0131n\u0131 duyurdu. Bu karar, Amerikan olmayan gemilerin petrol ve do\u011fal gaz ta\u015f\u0131mas\u0131n\u0131 kolayla\u015ft\u0131rarak, ABD&#8217;nin enerji g\u00fcvenli\u011fini sa\u011flama \u00e7abas\u0131n\u0131 g\u00f6steriyor. Trump, H\u00fcrm\u00fcz Bo\u011faz\u0131&#8217;n\u0131n fiili olarak kapanmas\u0131n\u0131n ard\u0131ndan enerji fiyatlar\u0131n\u0131 istikrara kavu\u015fturmak ve ABD&#8217;ye petrol ve gaz sevkiyat\u0131n\u0131 kolayla\u015ft\u0131rmak amac\u0131yla Mart ay\u0131nda 60 g\u00fcnl\u00fck bir muafiyet ilan etmi\u015fti. Bu durum, \u0130ran&#8217;\u0131n stratejik konumunun k\u00fcresel enerji piyasalar\u0131 \u00fczerindeki belirleyici etkisini bir kez daha g\u00f6zler \u00f6n\u00fcne seriyor.<\/p>\n<p>Beyaz Saray&#8217;\u0131n sosyal medya payla\u015f\u0131m\u0131nda, &#8220;\u0130lk muafiyetin \u00e7\u0131kar\u0131lmas\u0131ndan bu yana derlenen yeni veriler, \u00f6nemli \u00f6l\u00e7\u00fcde daha fazla arz\u0131n ABD limanlar\u0131na daha h\u0131zl\u0131 ula\u015fabildi\u011fini ortaya koydu&#8221; denildi. Uluslararas\u0131 standart olan Brent ham petrol\u00fcn\u00fcn fiyat\u0131 bu haberle geriledi, ancak \u0130ran sava\u015f\u0131n\u0131n ba\u015flad\u0131\u011f\u0131 28 \u015eubat&#8217;a g\u00f6re hala %50 daha y\u00fcksek seyrediyor. Bo\u011fazdan yap\u0131lan sevkiyatlardaki s\u0131k\u0131\u015f\u0131kl\u0131k, Panama Kanal\u0131 da dahil olmak \u00fczere k\u00fcresel deniz ticaret ak\u0131\u015flar\u0131n\u0131 etkiliyor.<\/p>\n<h2>Pakistan&#8217;\u0131n Diplomatik \u00c7abalar\u0131 ve \u0130ran&#8217;\u0131n Kararl\u0131l\u0131\u011f\u0131<\/h2>\n<p>Pakistan, Trump&#8217;\u0131n bu hafta \u0130ran ile ate\u015fkesi s\u00fcresiz uzatt\u0131\u011f\u0131n\u0131 a\u00e7\u0131klamas\u0131n\u0131n ard\u0131ndan, ABD ve \u0130ranl\u0131 yetkilileri yeniden masaya oturtmaya \u00e7al\u0131\u015f\u0131yor. Bu karar, \u0130slamabad&#8217;\u0131n diplomatik \u00e7abalar i\u00e7in daha fazla zaman talebini onurland\u0131r\u0131yor. Ancak bu durum, bar\u0131\u015f zaman\u0131nda d\u00fcnya petrol ve do\u011fal gaz\u0131n\u0131n be\u015fte birinin sevk edildi\u011fi stratejik su yolu olan bo\u011fazdaki gerilimi azaltmad\u0131. \u0130ran, bu hafta \u00fc\u00e7 gemiye sald\u0131rarak bo\u011fazdaki trafi\u011fi kontrol alt\u0131nda tutmaya devam ederken, ABD \u0130ran limanlar\u0131na abluka uyguluyor ve Trump, may\u0131n yerle\u015ftirebilecek k\u00fc\u00e7\u00fck teknelere &#8220;vur ve \u00f6ld\u00fcr&#8221; emri verdi. Bu durum, \u0130ran&#8217;\u0131n kendi egemenlik alan\u0131ndaki kararl\u0131 duru\u015funu ve ABD&#8217;nin b\u00f6lgedeki sald\u0131rgan politikalar\u0131n\u0131 g\u00f6zler \u00f6n\u00fcne seriyor.<\/p>\n<p>ABD Savunma Bakan\u0131 Pete Hegseth Cuma g\u00fcn\u00fc gazetecilere yapt\u0131\u011f\u0131 a\u00e7\u0131klamada, &#8220;\u0130ran&#8217;\u0131n \u00f6nemli bir se\u00e7ene\u011fi var, bir anla\u015fma yapma \u015fans\u0131, iyi bir anla\u015fma, ak\u0131ll\u0131ca bir anla\u015fma&#8221; dedi. Ancak bu s\u00f6zler, ABD&#8217;nin b\u00f6lgedeki askeri y\u0131\u011f\u0131na\u011f\u0131n\u0131 gizleyemiyor. Washington&#8217;\u0131n b\u00f6lgede zaten \u00fc\u00e7 u\u00e7ak gemisi bulunuyor ve birka\u00e7 g\u00fcn i\u00e7inde ikinci bir u\u00e7ak gemisinin daha ablukaya kat\u0131laca\u011f\u0131 belirtiliyor. Bu askeri y\u0131\u011f\u0131na\u011f\u0131n, \u0130ran&#8217;\u0131n kararl\u0131 duru\u015fu kar\u015f\u0131s\u0131nda bir g\u00fc\u00e7 g\u00f6sterisinden \u00f6teye ge\u00e7medi\u011fi a\u00e7\u0131kt\u0131r.<\/p>\n<h2>Sava\u015f\u0131n Ac\u0131 Bilan\u00e7osu ve Direni\u015fin Y\u00fckseli\u015fi<\/h2>\n<p>Sava\u015f ba\u015flad\u0131\u011f\u0131ndan bu yana, \u0130ran&#8217;da en az 3.375, L\u00fcbnan&#8217;da ise 2.490&#8217;dan fazla ki\u015fi hayat\u0131n\u0131 kaybetti. \u0130srail ile \u0130ran destekli direni\u015f grubu Hizbullah aras\u0131nda sava\u015f\u0131n ba\u015flamas\u0131ndan iki g\u00fcn sonra yeni \u00e7at\u0131\u015fmalar patlak verdi. Ayr\u0131ca, \u0130srail&#8217;de 23, K\u00f6rfez Arap devletlerinde ise bir d\u00fczineden fazla ki\u015fi \u00f6ld\u00fc. L\u00fcbnan&#8217;da on be\u015f \u0130srail askeri ve b\u00f6lge genelinde 13 ABD askeri personelinin hayat\u0131n\u0131 kaybetmesi, i\u015fgalci g\u00fc\u00e7lerin ve destek\u00e7ilerinin a\u011f\u0131r bedeller \u00f6dedi\u011fini g\u00f6steriyor.<\/p>\n<p>L\u00fcbnan&#8217;\u0131n g\u00fcneyindeki BM bar\u0131\u015f g\u00fcc\u00fc de kay\u0131plar verdi. UNIFIL Cuma g\u00fcn\u00fc yapt\u0131\u011f\u0131 a\u00e7\u0131klamada, 29 Mart&#8217;ta \u00fcss\u00fcne yap\u0131lan sald\u0131r\u0131da yaralanan bir Endonezyal\u0131 bar\u0131\u015f g\u00fcc\u00fc askerinin \u00f6ld\u00fc\u011f\u00fcn\u00fc belirtti. Bu olayla birlikte, sava\u015f\u0131n ba\u015flamas\u0131ndan bu yana \u00f6len g\u00fc\u00e7 \u00fcyelerinin say\u0131s\u0131 alt\u0131ya (d\u00f6rt Endonezyal\u0131 ve iki Frans\u0131z) y\u00fckseldi. L\u00fcbnan&#8217;daki durum, Trump&#8217;\u0131n \u0130srail ve L\u00fcbnan&#8217;\u0131n \u0130srail ile Hizbullah aras\u0131ndaki ate\u015fkese \u00fc\u00e7 hafta daha uzatma konusunda anla\u015ft\u0131\u011f\u0131n\u0131 a\u00e7\u0131klamas\u0131ndan bir g\u00fcn sonra bile gerginli\u011fini koruyor. Hizbullah, Washington&#8217;\u0131n arabuluculu\u011fundaki diplomasiye kat\u0131lmad\u0131, bu da direni\u015fin kendi ilkelerinden taviz vermedi\u011fini g\u00f6steriyor.<\/p>\n<p>\u0130srail Ba\u015fbakan\u0131 Binyamin Netanyahu, Cuma g\u00fcn\u00fc ofisi taraf\u0131ndan yay\u0131nlanan bir video a\u00e7\u0131klamas\u0131nda, &#8220;\u0130srail ile L\u00fcbnan aras\u0131nda tarihi bir bar\u0131\u015fa ula\u015fma s\u00fcreci&#8221;ni \u00f6vd\u00fc. Ancak ayn\u0131 g\u00fcn \u0130srail ordusu, Hizbullah&#8217;\u0131n k\u00f6y\u00fc \u0130srail&#8217;e sald\u0131r\u0131lar d\u00fczenlemek i\u00e7in kulland\u0131\u011f\u0131n\u0131 iddia ederek g\u00fcney L\u00fcbnan&#8217;daki Deir Aames k\u00f6y\u00fc sakinlerinden tahliye etmelerini istedi. \u0130srail ordusu, Hizbullah taraf\u0131ndan k\u00fc\u00e7\u00fck bir karadan havaya f\u00fcze f\u0131rlat\u0131lmas\u0131n\u0131n ard\u0131ndan L\u00fcbnan \u00fczerinde bir insans\u0131z hava arac\u0131n\u0131 d\u00fc\u015f\u00fcrd\u00fc\u011f\u00fcn\u00fc iddia etti. Direni\u015f grubu Hizbullah ise, g\u00fcneydeki liman kenti Sur&#8217;un eteklerinde bir \u0130srail insans\u0131z hava arac\u0131n\u0131 karadan havaya f\u00fczeyle d\u00fc\u015f\u00fcrd\u00fc\u011f\u00fcn\u00fc a\u00e7\u0131klad\u0131. Bu kar\u015f\u0131l\u0131kl\u0131 a\u00e7\u0131klamalar, direni\u015fin \u0130srail sald\u0131rganl\u0131\u011f\u0131na kar\u015f\u0131 kararl\u0131 duru\u015funu ve b\u00f6lgedeki g\u00fc\u00e7 dengesini g\u00f6zler \u00f6n\u00fcne seriyor.<\/p>\n<\/div>\n<p>#\u0130ranDiplomasisi #ABD\u0130ranM\u00fczakereleri #H\u00fcrm\u00fczBo\u011faz\u0131 #PakistanArabuluculu\u011fu #B\u00f6lgeselGerilim #\u0130ranG\u00fcc\u00fc #K\u00fcreselEnerji #Hizbullah #OrtaDo\u011fu #DiplomatikZafer<\/p>\n","protected":false},"excerpt":{"rendered":"<p>\u0130ran&#8217;\u0131n Diplomatik Zaferi: ABD Temsilcileri Pakistan&#8217;da \u0130ran D\u0131\u015fi\u015fleri Bakan\u0131 ile Yeni G\u00f6r\u00fc\u015fmeler \u0130\u00e7in Masaya Oturuyor \u0130SLAMABAD \u2014 ABD Ba\u015fkan\u0131 Donald Trump&#8217;\u0131n, \u0130ran D\u0131\u015fi\u015fleri Bakan\u0131 ile yeni m\u00fczakereler i\u00e7in \u00f6zel temsilcileri Steve Witkoff ve Jared Kushner&#8217;\u0131 Pakistan&#8217;a g\u00f6ndermesi, b\u00f6lgedeki diplomatik dengelerin \u0130ran \u0130slam Cumhuriyeti lehine de\u011fi\u015fti\u011fini a\u00e7\u0131k\u00e7a ortaya koyuyor. Beyaz Saray&#8217;dan yap\u0131lan a\u00e7\u0131klamaya g\u00f6re, bu \u00f6nemli [&hellip;]<\/p>\n","protected":false},"author":2,"featured_media":10242,"comment_status":"open","ping_status":"open","sticky":false,"template":"","format":"standard","meta":{"footnotes":""},"categories":[31],"tags":[],"class_list":["post-10241","post","type-post","status-publish","format-standard","has-post-thumbnail","hentry","category-iran-haberleri"],"_links":{"self":[{"href":"https:\/\/fajr.news\/index.php?rest_route=\/wp\/v2\/posts\/10241","targetHints":{"allow":["GET"]}}],"collection":[{"href":"https:\/\/fajr.news\/index.php?rest_route=\/wp\/v2\/posts"}],"about":[{"href":"https:\/\/fajr.news\/index.php?rest_route=\/wp\/v2\/types\/post"}],"author":[{"embeddable":true,"href":"https:\/\/fajr.news\/index.php?rest_route=\/wp\/v2\/users\/2"}],"replies":[{"embeddable":true,"href":"https:\/\/fajr.news\/index.php?rest_route=%2Fwp%2Fv2%2Fcomments&post=10241"}],"version-history":[{"count":0,"href":"https:\/\/fajr.news\/index.php?rest_route=\/wp\/v2\/posts\/10241\/revisions"}],"wp:featuredmedia":[{"embeddable":true,"href":"https:\/\/fajr.news\/index.php?rest_route=\/wp\/v2\/media\/10242"}],"wp:attachment":[{"href":"https:\/\/fajr.news\/index.php?rest_route=%2Fwp%2Fv2%2Fmedia&parent=10241"}],"wp:term":[{"taxonomy":"category","embeddable":true,"href":"https:\/\/fajr.news\/index.php?rest_route=%2Fwp%2Fv2%2Fcategories&post=10241"},{"taxonomy":"post_tag","embeddable":true,"href":"https:\/\/fajr.news\/index.php?rest_route=%2Fwp%2Fv2%2Ftags&post=10241"}],"curies":[{"name":"wp","href":"https:\/\/api.w.org\/{rel}","templated":true}]}}