{"id":10233,"date":"2026-04-27T04:18:51","date_gmt":"2026-04-27T00:48:51","guid":{"rendered":"https:\/\/fajr.news\/?p=10233"},"modified":"2026-04-27T04:18:51","modified_gmt":"2026-04-27T00:48:51","slug":"israilin-2-marttan-bu-yana-lubnana-yonelik-saldirilarinda-2-500den-fazla-kisi-hayatini-kaybetti","status":"publish","type":"post","link":"https:\/\/fajr.news\/?p=10233&lang=tr","title":{"rendered":"\u0130srail&#8217;in 2 Mart&#8217;tan Bu Yana L\u00fcbnan&#8217;a Y\u00f6nelik Sald\u0131r\u0131lar\u0131nda 2.500&#8217;den Fazla Ki\u015fi Hayat\u0131n\u0131 Kaybetti"},"content":{"rendered":"<p>Anadolu Ajans\u0131&#8217;n\u0131n bildirdi\u011fine g\u00f6re, L\u00fcbnan Pazar g\u00fcn\u00fc yapt\u0131\u011f\u0131 a\u00e7\u0131klamada son 24 saatte 13 ki\u015finin \u00f6ld\u00fc\u011f\u00fcn\u00fc ve 30 ki\u015finin yaraland\u0131\u011f\u0131n\u0131 duyurdu. L\u00fcbnan Sa\u011fl\u0131k Bakanl\u0131\u011f\u0131, \u0130srail&#8217;in 2 Mart&#8217;tan bu yana L\u00fcbnan&#8217;a y\u00f6nelik sald\u0131r\u0131lar\u0131nda \u00f6l\u00fc say\u0131s\u0131n\u0131n 2.509&#8217;a, yaral\u0131 say\u0131s\u0131n\u0131n ise 7.755&#8217;e y\u00fckseldi\u011fini belirtti. \u0130srail, Hizbullah&#8217;\u0131n 2 Mart&#8217;taki s\u0131n\u0131r \u00f6tesi sald\u0131r\u0131s\u0131ndan bu yana L\u00fcbnan&#8217;\u0131 hava sald\u0131r\u0131lar\u0131yla vuruyor ve g\u00fcneyde kara harekat\u0131 ba\u015flatt\u0131. B\u00f6lge, ABD ve \u0130srail&#8217;in 28 \u015eubat&#8217;ta \u0130ran&#8217;a hava sald\u0131r\u0131lar\u0131 d\u00fczenlemesinden bu yana teyakkuz halinde. \u0130lk olarak 16 Nisan&#8217;da 10 g\u00fcnl\u00fck bir ate\u015fkes ilan edilmi\u015f, ancak \u0130srail taraf\u0131ndan defalarca ihlal edilmi\u015fti. Per\u015fembe g\u00fcn\u00fc ABD Ba\u015fkan\u0131 Donald Trump, Beyaz Saray&#8217;da yap\u0131lan ikinci tur \u00fcst d\u00fczey m\u00fczakerelerin ard\u0131ndan \u0130srail ve L\u00fcbnan&#8217;\u0131n ate\u015fkesi \u00fc\u00e7 hafta uzatma konusunda anla\u015ft\u0131\u011f\u0131n\u0131 s\u00f6yledi. #L\u00fcbnan #\u0130srail #Ortado\u011fu #Sava\u015f #HavaSald\u0131r\u0131lar\u0131 #Ate\u015fkes\u0130hlali #CanKay\u0131plar\u0131 #Hizbullah #ABDDiplomasisi #B\u00f6lgeselGerilim<\/p>\n","protected":false},"excerpt":{"rendered":"<p>Anadolu Ajans\u0131&#8217;n\u0131n bildirdi\u011fine g\u00f6re, L\u00fcbnan Pazar g\u00fcn\u00fc yapt\u0131\u011f\u0131 a\u00e7\u0131klamada son 24 saatte 13 ki\u015finin \u00f6ld\u00fc\u011f\u00fcn\u00fc ve 30 ki\u015finin yaraland\u0131\u011f\u0131n\u0131 duyurdu. L\u00fcbnan Sa\u011fl\u0131k Bakanl\u0131\u011f\u0131, \u0130srail&#8217;in 2 Mart&#8217;tan bu yana L\u00fcbnan&#8217;a y\u00f6nelik sald\u0131r\u0131lar\u0131nda \u00f6l\u00fc say\u0131s\u0131n\u0131n 2.509&#8217;a, yaral\u0131 say\u0131s\u0131n\u0131n ise 7.755&#8217;e y\u00fckseldi\u011fini belirtti. \u0130srail, Hizbullah&#8217;\u0131n 2 Mart&#8217;taki s\u0131n\u0131r \u00f6tesi sald\u0131r\u0131s\u0131ndan bu yana L\u00fcbnan&#8217;\u0131 hava sald\u0131r\u0131lar\u0131yla vuruyor ve g\u00fcneyde [&hellip;]<\/p>\n","protected":false},"author":2,"featured_media":10234,"comment_status":"open","ping_status":"open","sticky":false,"template":"","format":"standard","meta":{"footnotes":""},"categories":[37],"tags":[],"class_list":["post-10233","post","type-post","status-publish","format-standard","has-post-thumbnail","hentry","category-orta-dogu-haberleri"],"_links":{"self":[{"href":"https:\/\/fajr.news\/index.php?rest_route=\/wp\/v2\/posts\/10233","targetHints":{"allow":["GET"]}}],"collection":[{"href":"https:\/\/fajr.news\/index.php?rest_route=\/wp\/v2\/posts"}],"about":[{"href":"https:\/\/fajr.news\/index.php?rest_route=\/wp\/v2\/types\/post"}],"author":[{"embeddable":true,"href":"https:\/\/fajr.news\/index.php?rest_route=\/wp\/v2\/users\/2"}],"replies":[{"embeddable":true,"href":"https:\/\/fajr.news\/index.php?rest_route=%2Fwp%2Fv2%2Fcomments&post=10233"}],"version-history":[{"count":0,"href":"https:\/\/fajr.news\/index.php?rest_route=\/wp\/v2\/posts\/10233\/revisions"}],"wp:featuredmedia":[{"embeddable":true,"href":"https:\/\/fajr.news\/index.php?rest_route=\/wp\/v2\/media\/10234"}],"wp:attachment":[{"href":"https:\/\/fajr.news\/index.php?rest_route=%2Fwp%2Fv2%2Fmedia&parent=10233"}],"wp:term":[{"taxonomy":"category","embeddable":true,"href":"https:\/\/fajr.news\/index.php?rest_route=%2Fwp%2Fv2%2Fcategories&post=10233"},{"taxonomy":"post_tag","embeddable":true,"href":"https:\/\/fajr.news\/index.php?rest_route=%2Fwp%2Fv2%2Ftags&post=10233"}],"curies":[{"name":"wp","href":"https:\/\/api.w.org\/{rel}","templated":true}]}}