{"id":10217,"date":"2026-04-27T03:50:23","date_gmt":"2026-04-27T00:20:23","guid":{"rendered":"https:\/\/fajr.news\/?p=10217"},"modified":"2026-04-27T03:50:23","modified_gmt":"2026-04-27T00:20:23","slug":"iranli-araghchi-pakistandan-ayrildi-daha-fazla-gorusme-icin-rusyaya-gidiyor","status":"publish","type":"post","link":"https:\/\/fajr.news\/?p=10217&lang=tr","title":{"rendered":"\u0130ranl\u0131 Araghchi, Pakistan&#8217;dan Ayr\u0131ld\u0131, Daha Fazla G\u00f6r\u00fc\u015fme \u0130\u00e7in Rusya&#8217;ya Gidiyor"},"content":{"rendered":"<p>\u0130ran D\u0131\u015fi\u015fleri Bakanl\u0131\u011f\u0131&#8217;ndan yap\u0131lan a\u00e7\u0131klamaya g\u00f6re, \u0130ran D\u0131\u015fi\u015fleri Bakan\u0131 Pazar g\u00fcn\u00fc \u0130slamabad&#8217;dan Moskova&#8217;ya hareket etti. Arabulucular\u0131n Tahran ile ABD aras\u0131ndaki bar\u0131\u015f g\u00f6r\u00fc\u015fmelerini canl\u0131 tutma umuduyla ba\u015fkentler aras\u0131nda mekik dokuyor.<br \/>\n\u0130ran b\u00fcy\u00fckel\u00e7isine g\u00f6re, Abbas Araghchi Pakistan ba\u015fkentine yapt\u0131\u011f\u0131 ziyaretler aras\u0131na Umman&#8217;\u0131n Maskat kentine bir ziyaret s\u0131k\u0131\u015ft\u0131rd\u0131 ve Pazartesi g\u00fcn\u00fc Moskova&#8217;da Rusya Devlet Ba\u015fkan\u0131 Vladimir Putin ile g\u00f6r\u00fc\u015fecekti, ancak do\u011frudan ABD-\u0130ran g\u00f6r\u00fc\u015fmelerinin yeniden ba\u015flayaca\u011f\u0131na dair herhangi bir i\u015faret yoktu.<br \/>\nCumartesi g\u00fcn\u00fc, ABD Ba\u015fkan\u0131 Donald Trump, m\u00fczakerecileri Steve Witkoff ve Jared Kushner&#8217;\u0131n \u0130slamabad&#8217;a yapmay\u0131 planlad\u0131\u011f\u0131 ziyareti iptal etti.<br \/>\nAncak dolayl\u0131 \u00e7abalar\u0131n devam etti\u011fine dair bir i\u015faret olarak, \u0130ran&#8217;\u0131n devlet ba\u011flant\u0131l\u0131 Fars haber ajans\u0131, \u0130ran&#8217;\u0131n arabulucu Pakistan arac\u0131l\u0131\u011f\u0131yla Amerikal\u0131lara &#8216;\u0130ran \u0130slam Cumhuriyeti&#8217;nin n\u00fckleer meseleler ve H\u00fcrm\u00fcz Bo\u011faz\u0131 dahil baz\u0131 k\u0131rm\u0131z\u0131 \u00e7izgileri hakk\u0131nda&#8217; yaz\u0131l\u0131 mesajlar iletti\u011fini bildirdi.<br \/>\nFars ajans\u0131, bu mesajlar\u0131n herhangi bir m\u00fczakerenin par\u00e7as\u0131 olmad\u0131\u011f\u0131n\u0131 belirtti.<br \/>\n8 Nisan&#8217;da ba\u015flayan ABD-\u0130srail&#8217;in \u0130ran ile sava\u015f\u0131nda ate\u015fkes \u015fu ana kadar s\u00fcrse de, sava\u015f\u0131n ekonomik \u015fok dalgalar\u0131 d\u00fcnya genelinde yank\u0131lanmaya devam ediyor.<br \/>\n\u0130ran, H\u00fcrm\u00fcz Bo\u011faz\u0131&#8217;n\u0131 kapatarak k\u00fcresel piyasadan b\u00fcy\u00fck miktarlarda petrol, do\u011falgaz ve g\u00fcbre ak\u0131\u015f\u0131n\u0131 kesti, bu da fiyatlar\u0131n f\u0131rlamas\u0131na ve geli\u015fmekte olan d\u00fcnyada yayg\u0131n a\u00e7l\u0131k korkular\u0131n\u0131n artmas\u0131na neden oldu.<br \/>\nCumartesi g\u00fcn\u00fc Witkoff ve Kushner&#8217;\u0131n \u0130slamabad&#8217;\u0131 ziyaret etmesiyle yeni bir g\u00f6r\u00fc\u015fme turu i\u00e7in umutlar vard\u0131, ancak Trump daha sonra Fox News&#8217;e yapt\u0131\u011f\u0131 a\u00e7\u0131klamada, &#8216;hi\u00e7bir \u015fey hakk\u0131nda oturup konu\u015fman\u0131n&#8217; bir anlam\u0131 olmad\u0131\u011f\u0131n\u0131 s\u00f6yleyerek geziyi iptal etti\u011fini belirtti.<br \/>\nPazar g\u00fcn\u00fc Trump kanala \u015funlar\u0131 s\u00f6yledi: &#8216;Art\u0131k bunu yapm\u0131yoruz dedim. T\u00fcm kartlar bizde. Konu\u015fmak isterlerse bize gelebilirler veya bizi arayabilirler, biliyorsunuz bir telefon var, g\u00fczel g\u00fcvenli hatlar\u0131m\u0131z var.&#8217;<br \/>\nH\u00fcrm\u00fcz&#8217;\u00fcn \u0130ran taraf\u0131ndan kapat\u0131lmas\u0131yla ABD&#8217;de benzin fiyatlar\u0131n\u0131n y\u00fckselmesi ve Kas\u0131m ay\u0131nda ara se\u00e7imlerin yap\u0131lacak olmas\u0131 nedeniyle ba\u015fkan, artan i\u00e7 bask\u0131 alt\u0131nda.<br \/>\nDaha \u00f6nce gezinin durdurulmas\u0131n\u0131n a\u00e7\u0131k d\u00fc\u015fmanl\u0131klara geri d\u00f6n\u00fc\u015f anlam\u0131na gelip gelmedi\u011fi soruldu\u011funda Trump: &#8216;Hay\u0131r, bu anlama gelmiyor&#8217; dedi.<br \/>\nDaha sonra, Washington&#8217;daki Beyaz Saray Muhabirleri Derne\u011fi yeme\u011finde bir silahl\u0131 ki\u015finin tutuklanmas\u0131n\u0131n ard\u0131ndan Trump, olay\u0131n \u0130ran ile ilgili oldu\u011funu d\u00fc\u015f\u00fcnmedi\u011fini ancak bunun kendisini &#8216;sava\u015f\u0131 kazanmaktan&#8217; al\u0131koymayaca\u011f\u0131n\u0131 s\u00f6yledi.<br \/>\nCumartesi g\u00fcn\u00fc Araghchi, kilit arabulucu Pakistan askeri \u015fefi Asim Munir, Ba\u015fbakan Shehbaz Sharif ve D\u0131\u015fi\u015fleri Bakan\u0131 Ishaq Dar ile g\u00f6r\u00fc\u015ft\u00fc, ard\u0131ndan Maskat&#8217;a u\u00e7tu ve Pazar g\u00fcn\u00fc \u0130slamabad&#8217;a geri d\u00f6nd\u00fc.<br \/>\nBakanl\u0131\u011f\u0131, daha sonra Rusya&#8217;ya hareket etti\u011fini ve &#8216;\u00fcst d\u00fczey yetkililerle&#8217; g\u00f6r\u00fc\u015fece\u011fini belirtti.<br \/>\nRusya D\u0131\u015fi\u015fleri Bakanl\u0131\u011f\u0131, Araghchi&#8217;nin Moskova&#8217;y\u0131 ziyaret edece\u011fini do\u011frulad\u0131 ancak Putin ile g\u00f6r\u00fc\u015f\u00fcp g\u00f6r\u00fc\u015fmeyece\u011fini belirtmedi.<br \/>\nYo\u011fun g\u00f6r\u00fc\u015fmeler aras\u0131nda Araghchi, Washington&#8217;\u0131n niyetleri konusunda \u015f\u00fcphelerini dile getirerek, &#8216;ABD&#8217;nin diplomasi konusunda ger\u00e7ekten ciddi olup olmad\u0131\u011f\u0131n\u0131 hen\u00fcz g\u00f6rmedi\u011fini&#8217; s\u00f6yledi.<br \/>\nH\u00fcrm\u00fcz Bo\u011faz\u0131&#8217;n\u0131n kapal\u0131 kalmas\u0131yla sava\u015f\u0131n sona ermesi y\u00f6n\u00fcndeki bask\u0131 artt\u0131.<br \/>\nAncak \u0130ran Devrim Muhaf\u0131zlar\u0131 (IRGC), enerji piyasalar\u0131n\u0131 alt\u00fcst eden ablukay\u0131 kald\u0131rma niyetinde olmad\u0131\u011f\u0131n\u0131 belirtti.<br \/>\nIRGC, resmi Telegram kanal\u0131nda yapt\u0131\u011f\u0131 a\u00e7\u0131klamada, &#8216;H\u00fcrm\u00fcz Bo\u011faz\u0131&#8217;n\u0131 kontrol etmek ve cayd\u0131r\u0131c\u0131 etkisinin g\u00f6lgesini Amerika ile Beyaz Saray&#8217;\u0131n b\u00f6lgedeki destek\u00e7ileri \u00fczerinde tutmak, \u0130slam \u0130ran&#8217;\u0131n\u0131n kesin stratejisidir&#8217; dedi.<br \/>\nAmerika Birle\u015fik Devletleri misilleme olarak \u0130ran limanlar\u0131na abluka uygulad\u0131.<br \/>\nDevlet medyas\u0131 taraf\u0131ndan yay\u0131mlanan bir a\u00e7\u0131klamada, \u0130ran ordusu ABD&#8217;nin devam eden &#8216;abluka, haydutluk ve korsanl\u0131\u011f\u0131n\u0131n&#8217; bir yan\u0131tla kar\u015f\u0131la\u015faca\u011f\u0131 konusunda uyard\u0131.<br \/>\nSava\u015f\u0131n L\u00fcbnan cephesinde ise, \u0130srail Ba\u015fbakan\u0131 Binyamin Netanyahu, Hizbullah&#8217;a y\u00f6nelik sald\u0131r\u0131 emri verdi ve \u0130ran destekli grubu bu hafta uzat\u0131lan ate\u015fkese uymamakla su\u00e7lad\u0131.<br \/>\nNetanyahu, Pazar g\u00fcnk\u00fc haftal\u0131k kabine toplant\u0131s\u0131nda, &#8216;Hizbullah&#8217;\u0131n ihlallerinin pratikte ate\u015fkese son verdi\u011finin anla\u015f\u0131lmas\u0131 gerekti\u011fini&#8217; s\u00f6yledi.<br \/>\nHizbullah ise \u0130srail&#8217;in ate\u015fkes ihlallerine ve &#8216;L\u00fcbnan topraklar\u0131n\u0131 s\u00fcrekli i\u015fgaline&#8217; yan\u0131t verece\u011fini belirtti.<br \/>\nL\u00fcbnan resmi medyas\u0131, \u0130srail ordusunun \u0130ran destekli grupla yap\u0131lan ate\u015fkese ra\u011fmen yedi b\u00f6lge i\u00e7in tahliye uyar\u0131s\u0131 yay\u0131nlad\u0131ktan sonra \u00fclkenin g\u00fcneyini vurmaya ba\u015flad\u0131\u011f\u0131n\u0131 bildirdi.<br \/>\nDevlet haber ajans\u0131 NNA, uyar\u0131da yer alan b\u00f6lgelerden biri olan Kfar Tibnit&#8217;te &#8216;\u0130srail sava\u015f u\u00e7aklar\u0131n\u0131n bir sald\u0131r\u0131 ba\u015flatt\u0131\u011f\u0131n\u0131&#8217; ve can kayb\u0131 haberleri oldu\u011funu ekledi.<br \/>\nAte\u015fkesin \u015fartlar\u0131na g\u00f6re, \u0130srail &#8216;planl\u0131, yak\u0131n veya devam eden sald\u0131r\u0131lara&#8217; kar\u015f\u0131 hareket etme hakk\u0131n\u0131 sakl\u0131 tutuyor. AFP ile.<br \/>\n#\u0130ran #Araghchi #Rusya #Pakistan #ABD\u0130ranG\u00f6r\u00fc\u015fmeleri #H\u00fcrm\u00fczBo\u011faz\u0131 #Diplomasi #Ortado\u011fu #Ate\u015fkes #K\u00fcreselGerilim<\/p>\n","protected":false},"excerpt":{"rendered":"<p>\u0130ran D\u0131\u015fi\u015fleri Bakanl\u0131\u011f\u0131&#8217;ndan yap\u0131lan a\u00e7\u0131klamaya g\u00f6re, \u0130ran D\u0131\u015fi\u015fleri Bakan\u0131 Pazar g\u00fcn\u00fc \u0130slamabad&#8217;dan Moskova&#8217;ya hareket etti. Arabulucular\u0131n Tahran ile ABD aras\u0131ndaki bar\u0131\u015f g\u00f6r\u00fc\u015fmelerini canl\u0131 tutma umuduyla ba\u015fkentler aras\u0131nda mekik dokuyor. \u0130ran b\u00fcy\u00fckel\u00e7isine g\u00f6re, Abbas Araghchi Pakistan ba\u015fkentine yapt\u0131\u011f\u0131 ziyaretler aras\u0131na Umman&#8217;\u0131n Maskat kentine bir ziyaret s\u0131k\u0131\u015ft\u0131rd\u0131 ve Pazartesi g\u00fcn\u00fc Moskova&#8217;da Rusya Devlet Ba\u015fkan\u0131 Vladimir Putin ile [&hellip;]<\/p>\n","protected":false},"author":2,"featured_media":10218,"comment_status":"open","ping_status":"open","sticky":false,"template":"","format":"standard","meta":{"footnotes":""},"categories":[37],"tags":[],"class_list":["post-10217","post","type-post","status-publish","format-standard","has-post-thumbnail","hentry","category-orta-dogu-haberleri"],"_links":{"self":[{"href":"https:\/\/fajr.news\/index.php?rest_route=\/wp\/v2\/posts\/10217","targetHints":{"allow":["GET"]}}],"collection":[{"href":"https:\/\/fajr.news\/index.php?rest_route=\/wp\/v2\/posts"}],"about":[{"href":"https:\/\/fajr.news\/index.php?rest_route=\/wp\/v2\/types\/post"}],"author":[{"embeddable":true,"href":"https:\/\/fajr.news\/index.php?rest_route=\/wp\/v2\/users\/2"}],"replies":[{"embeddable":true,"href":"https:\/\/fajr.news\/index.php?rest_route=%2Fwp%2Fv2%2Fcomments&post=10217"}],"version-history":[{"count":0,"href":"https:\/\/fajr.news\/index.php?rest_route=\/wp\/v2\/posts\/10217\/revisions"}],"wp:featuredmedia":[{"embeddable":true,"href":"https:\/\/fajr.news\/index.php?rest_route=\/wp\/v2\/media\/10218"}],"wp:attachment":[{"href":"https:\/\/fajr.news\/index.php?rest_route=%2Fwp%2Fv2%2Fmedia&parent=10217"}],"wp:term":[{"taxonomy":"category","embeddable":true,"href":"https:\/\/fajr.news\/index.php?rest_route=%2Fwp%2Fv2%2Fcategories&post=10217"},{"taxonomy":"post_tag","embeddable":true,"href":"https:\/\/fajr.news\/index.php?rest_route=%2Fwp%2Fv2%2Ftags&post=10217"}],"curies":[{"name":"wp","href":"https:\/\/api.w.org\/{rel}","templated":true}]}}