{"id":10209,"date":"2026-04-27T03:39:06","date_gmt":"2026-04-27T00:09:06","guid":{"rendered":"https:\/\/fajr.news\/?p=10209"},"modified":"2026-04-27T03:39:06","modified_gmt":"2026-04-27T00:09:06","slug":"netanyahunun-tirmandirma-emrinin-ardindan-israil-saldirilari-nedeniyle-guney-lubnanda-yaygin-goc-yasaniyor","status":"publish","type":"post","link":"https:\/\/fajr.news\/?p=10209&lang=tr","title":{"rendered":"Netanyahu&#8217;nun t\u0131rmand\u0131rma emrinin ard\u0131ndan \u0130srail sald\u0131r\u0131lar\u0131 nedeniyle G\u00fcney L\u00fcbnan&#8217;da yayg\u0131n g\u00f6\u00e7 ya\u015fan\u0131yor"},"content":{"rendered":"<p>G\u00fcney L\u00fcbnan, Ba\u015fbakan Binyamin Netanyahu&#8217;nun \u00fclkeye y\u00f6nelik askeri t\u0131rmand\u0131rma emri vermesinden bir g\u00fcn sonra, Pazar g\u00fcn\u00fc \u0130srail&#8217;in yo\u011fun hava sald\u0131r\u0131lar\u0131n\u0131n ard\u0131ndan yayg\u0131n bir yerinden edilmeye tan\u0131k oldu. Anadolu Ajans\u0131&#8217;n\u0131n bildirdi\u011fine g\u00f6re, L\u00fcbnan devlet haber ajans\u0131 NNA, \u0130srail sald\u0131r\u0131lar\u0131n\u0131n Zawtar, Maidafoun ve Yohmor al-Shaqif kasabalar\u0131n\u0131 hedef ald\u0131\u011f\u0131n\u0131, top\u00e7u at\u0131\u015flar\u0131n\u0131n ise Deir Seryan ile Yohmor aras\u0131ndaki b\u00f6lgeleri vurdu\u011funu bildirdi. \u0130srail sava\u015f u\u00e7aklar\u0131 ayr\u0131ca Shaaitiyeh&#8217;in eteklerine hava sald\u0131r\u0131lar\u0131 d\u00fczenlerken, bir ba\u015fka sald\u0131r\u0131 da Sur b\u00f6lgesindeki Qalileh kasabas\u0131nda bir evi vurdu. Haber ajans\u0131, \u0130srail g\u00fc\u00e7lerinin Khiam kasabas\u0131nda geni\u015f \u00e7apl\u0131 bir y\u0131k\u0131m operasyonu ger\u00e7ekle\u015ftirdi\u011fini ve Taybeh kasabas\u0131nda g\u00fc\u00e7l\u00fc patlamalar\u0131n rapor edildi\u011fini ekledi. Rapora g\u00f6re, \u0130srail sava\u015f u\u00e7aklar\u0131 ba\u015fkent Beyrut \u00fczerinde de u\u00e7arken g\u00f6r\u00fcld\u00fc. NNA, t\u0131rman\u0131\u015f\u0131n ortas\u0131nda, Litani Nehri&#8217;nin g\u00fcneyindeki k\u00f6ylerden Sayda \u015fehrine do\u011fru \u00f6nemli bir yerinden edilmenin kaydedildi\u011fini ve bunun \u0130srail&#8217;in tahliye uyar\u0131lar\u0131yla \u00e7ak\u0131\u015ft\u0131\u011f\u0131n\u0131 belirtti. Bu geli\u015fmeler, Netanyahu&#8217;nun ofisinden yap\u0131lan a\u00e7\u0131klamaya g\u00f6re, \u0130srail ordusuna L\u00fcbnan&#8217;daki sald\u0131r\u0131lar\u0131 t\u0131rmand\u0131rma ve Hizbullah hedeflerini vurma talimat\u0131 vermesinden bir g\u00fcn sonra geldi. Yayg\u0131n y\u0131k\u0131ma ra\u011fmen, G\u00fcney L\u00fcbnan&#8217;daki yerinden edilmi\u015f sakinler, 16 Nisan&#8217;daki ate\u015fkesin ard\u0131ndan evlerine d\u00f6nmeye ba\u015flam\u0131\u015f, bu da devam eden ihlaller nedeniyle yeniden yerinden edilme endi\u015felerini art\u0131rm\u0131\u015ft\u0131. \u0130srail, 2 Mart&#8217;ta Hizbullah&#8217;\u0131n s\u0131n\u0131r \u00f6tesi sald\u0131r\u0131s\u0131ndan bu yana L\u00fcbnan&#8217;\u0131 hava sald\u0131r\u0131lar\u0131yla vuruyor ve g\u00fcneyde kara harekat\u0131 ba\u015flatt\u0131. B\u00f6lge, ABD ve \u0130srail&#8217;in 28 \u015eubat&#8217;ta \u0130ran&#8217;a hava sald\u0131r\u0131s\u0131 ba\u015flatmas\u0131ndan bu yana alarm durumunda. L\u00fcbnanl\u0131 yetkililere g\u00f6re, 2 Mart&#8217;tan bu yana \u0130srail&#8217;in L\u00fcbnan&#8217;a y\u00f6nelik geni\u015fleyen sald\u0131r\u0131lar\u0131 2.500&#8217;den fazla ki\u015fiyi \u00f6ld\u00fcrd\u00fc ve 1 milyondan fazla ki\u015fiyi yerinden etti. \u0130lk olarak 16 Nisan&#8217;da 10 g\u00fcnl\u00fck bir ate\u015fkes ilan edilmi\u015f ancak \u0130srail taraf\u0131ndan defalarca ihlal edilmi\u015fti. Per\u015fembe g\u00fcn\u00fc, ABD Ba\u015fkan\u0131 Donald Trump, Beyaz Saray&#8217;daki ikinci \u00fcst d\u00fczey m\u00fczakere turunun ard\u0131ndan \u0130srail ve L\u00fcbnan&#8217;\u0131n ate\u015fkesi \u00fc\u00e7 hafta uzatmay\u0131 kabul etti\u011fini s\u00f6yledi.<\/p>\n<p>#G\u00fcneyL\u00fcbnan #\u0130srailSald\u0131r\u0131lar\u0131 #YerindenEdilme #Netanyahu #L\u00fcbnan #Hizbullah #Sava\u015fSu\u00e7lar\u0131 #Ortado\u011fu #Ate\u015fkes #\u0130nsaniKriz<\/p>\n","protected":false},"excerpt":{"rendered":"<p>G\u00fcney L\u00fcbnan, Ba\u015fbakan Binyamin Netanyahu&#8217;nun \u00fclkeye y\u00f6nelik askeri t\u0131rmand\u0131rma emri vermesinden bir g\u00fcn sonra, Pazar g\u00fcn\u00fc \u0130srail&#8217;in yo\u011fun hava sald\u0131r\u0131lar\u0131n\u0131n ard\u0131ndan yayg\u0131n bir yerinden edilmeye tan\u0131k oldu. Anadolu Ajans\u0131&#8217;n\u0131n bildirdi\u011fine g\u00f6re, L\u00fcbnan devlet haber ajans\u0131 NNA, \u0130srail sald\u0131r\u0131lar\u0131n\u0131n Zawtar, Maidafoun ve Yohmor al-Shaqif kasabalar\u0131n\u0131 hedef ald\u0131\u011f\u0131n\u0131, top\u00e7u at\u0131\u015flar\u0131n\u0131n ise Deir Seryan ile Yohmor aras\u0131ndaki b\u00f6lgeleri [&hellip;]<\/p>\n","protected":false},"author":2,"featured_media":10210,"comment_status":"open","ping_status":"open","sticky":false,"template":"","format":"standard","meta":{"footnotes":""},"categories":[37],"tags":[],"class_list":["post-10209","post","type-post","status-publish","format-standard","has-post-thumbnail","hentry","category-orta-dogu-haberleri"],"_links":{"self":[{"href":"https:\/\/fajr.news\/index.php?rest_route=\/wp\/v2\/posts\/10209","targetHints":{"allow":["GET"]}}],"collection":[{"href":"https:\/\/fajr.news\/index.php?rest_route=\/wp\/v2\/posts"}],"about":[{"href":"https:\/\/fajr.news\/index.php?rest_route=\/wp\/v2\/types\/post"}],"author":[{"embeddable":true,"href":"https:\/\/fajr.news\/index.php?rest_route=\/wp\/v2\/users\/2"}],"replies":[{"embeddable":true,"href":"https:\/\/fajr.news\/index.php?rest_route=%2Fwp%2Fv2%2Fcomments&post=10209"}],"version-history":[{"count":0,"href":"https:\/\/fajr.news\/index.php?rest_route=\/wp\/v2\/posts\/10209\/revisions"}],"wp:featuredmedia":[{"embeddable":true,"href":"https:\/\/fajr.news\/index.php?rest_route=\/wp\/v2\/media\/10210"}],"wp:attachment":[{"href":"https:\/\/fajr.news\/index.php?rest_route=%2Fwp%2Fv2%2Fmedia&parent=10209"}],"wp:term":[{"taxonomy":"category","embeddable":true,"href":"https:\/\/fajr.news\/index.php?rest_route=%2Fwp%2Fv2%2Fcategories&post=10209"},{"taxonomy":"post_tag","embeddable":true,"href":"https:\/\/fajr.news\/index.php?rest_route=%2Fwp%2Fv2%2Ftags&post=10209"}],"curies":[{"name":"wp","href":"https:\/\/api.w.org\/{rel}","templated":true}]}}