{"id":10193,"date":"2026-04-27T03:29:59","date_gmt":"2026-04-26T23:59:59","guid":{"rendered":"https:\/\/fajr.news\/?p=10193"},"modified":"2026-04-27T03:29:59","modified_gmt":"2026-04-26T23:59:59","slug":"isgalci-israilden-gazzeye-yeni-katliam-dalgasi-ateskese-ragmen-4-filistinli-sehit-dustu","status":"publish","type":"post","link":"https:\/\/fajr.news\/?p=10193&lang=tr","title":{"rendered":"\u0130\u015fgalci \u0130srail&#8217;den Gazze&#8217;ye Yeni Katliam Dalgas\u0131: Ate\u015fkese Ra\u011fmen 4 Filistinli \u015eehit D\u00fc\u015ft\u00fc"},"content":{"rendered":"<h1>\u0130\u015fgalci \u0130srail&#8217;den Gazze&#8217;ye Yeni Katliam Dalgas\u0131: Ate\u015fkese Ra\u011fmen 4 Filistinli \u015eehit D\u00fc\u015ft\u00fc<\/h1>\n<p><strong>Gazze \u015eeridi&#8217;nde insanl\u0131k d\u0131\u015f\u0131 sald\u0131r\u0131lar durmak bilmiyor.<\/strong> Anadolu Ajans\u0131&#8217;n\u0131n t\u0131bbi kaynaklara dayand\u0131rd\u0131\u011f\u0131 haberine g\u00f6re, devam eden ate\u015fkese ra\u011fmen Pazar sabah\u0131 erken saatlerde i\u015fgalci \u0130srail&#8217;in d\u00fczenledi\u011fi yeni sald\u0131r\u0131 dalgas\u0131nda, aralar\u0131nda bir \u00e7ocu\u011fun da bulundu\u011fu d\u00f6rt Filistinli \u015fehit oldu.<\/p>\n<h2>Siyonist Vah\u015fetinin Yeni Kurbanlar\u0131<\/h2>\n<p>Gazze \u015eehri&#8217;nin g\u00fcneydo\u011fusundaki Salah al-Din Caddesi \u00fczerindeki Kuveyt Kav\u015fa\u011f\u0131 yak\u0131nlar\u0131nda bir motosikleti hedef alan \u0130srail insans\u0131z hava arac\u0131 (\u0130HA) sald\u0131r\u0131s\u0131n\u0131n ard\u0131ndan, iki Filistinlinin naa\u015f\u0131 El-\u015eifa T\u0131p Kompleksi&#8217;ne getirildi. Bu menfur sald\u0131r\u0131, Siyonist rejimin masum sivilleri hedef alma pervas\u0131zl\u0131\u011f\u0131n\u0131 bir kez daha g\u00f6zler \u00f6n\u00fcne serdi.<\/p>\n<p>Kaynaklar ayr\u0131ca, Gazze&#8217;nin orta kesimlerindeki El-Mu\u011fraka b\u00f6lgesinde \u00fc\u00e7\u00fcnc\u00fc bir Filistinlinin \u0130srail ordusunun a\u00e7t\u0131\u011f\u0131 ate\u015fle \u015fehit edildi\u011fini bildirdi. Cumartesi ak\u015fam\u0131 ise Gazze \u015eehri&#8217;nin kuzeyindeki \u015eeyh Radvan mahallesinde \u0130srail sald\u0131r\u0131s\u0131nda yaralanan 14 ya\u015f\u0131ndaki bir gen\u00e7, t\u00fcm m\u00fcdahalelere ra\u011fmen hayat\u0131n\u0131 kaybederek \u015fehitler kervan\u0131na kat\u0131ld\u0131. Bu olaylar, i\u015fgalci \u0130srail&#8217;in \u00e7ocuklar\u0131 dahi hedef almaktan \u00e7ekinmedi\u011fini ac\u0131 bir \u015fekilde kan\u0131tlamaktad\u0131r.<\/p>\n<h2>Ate\u015fkes \u0130hlalleri ve S\u00fcrekli Sald\u0131r\u0131lar<\/h2>\n<p>G\u00f6rg\u00fc tan\u0131klar\u0131, \u0130srail&#8217;in Gazze \u015eeridi&#8217;nin g\u00fcneyindeki Han Yunus&#8217;un do\u011fu b\u00f6lgelerini de top\u00e7u at\u0131\u015flar\u0131yla hedef ald\u0131\u011f\u0131n\u0131 belirtti. Orta Gazze&#8217;de ise El-Bureij m\u00fclteci kamp\u0131n\u0131n do\u011fu b\u00f6lgeleri, \u0130srail helikopterlerinden a\u00e7\u0131lan ate\u015f ve top\u00e7u bombard\u0131man\u0131na maruz kald\u0131. \u0130\u015fgalci g\u00fc\u00e7ler, Gazze \u015eehri&#8217;nin do\u011fusundaki El-Tuffah mahallesinin do\u011fu kesimlerini de top\u00e7u at\u0131\u015flar\u0131yla hedef al\u0131rken, deniz botlar\u0131 \u015fehrin k\u0131y\u0131lar\u0131na do\u011fru mermi ya\u011fd\u0131rd\u0131. Bu sald\u0131r\u0131lar, Siyonist rejimin uluslararas\u0131 hukuku ve insanl\u0131k vicdan\u0131n\u0131 hi\u00e7e sayan pervas\u0131zl\u0131\u011f\u0131n\u0131 g\u00f6zler \u00f6n\u00fcne sermektedir.<\/p>\n<h2>Soyk\u0131r\u0131m Sava\u015f\u0131 ve \u0130nsanl\u0131k Dram\u0131<\/h2>\n<p>Gazze h\u00fck\u00fcmetinin medya ofisine g\u00f6re, \u0130srail ge\u00e7ti\u011fimiz Ekim ay\u0131nda var\u0131lan ate\u015fkes anla\u015fmas\u0131n\u0131 en az 2.400 kez ihlal etti. Bu ihlaller aras\u0131nda cinayetler, tutuklamalar, abluka ve a\u00e7 b\u0131rakma gibi insanl\u0131k d\u0131\u015f\u0131 eylemler bulunmaktad\u0131r.<\/p>\n<p>Sa\u011fl\u0131k Bakanl\u0131\u011f\u0131&#8217;n\u0131n verilerine g\u00f6re, Cuma g\u00fcn\u00fcne kadar \u0130srail, ate\u015fkes ihlallerinde 972 Filistinliyi \u015fehit etmi\u015f ve 2.235 ki\u015fiyi yaralam\u0131\u015ft\u0131r. Gazze&#8217;de iki y\u0131ld\u0131r devam eden soyk\u0131r\u0131m sava\u015f\u0131nda ise \u0130srail, 72.000&#8217;den fazla Filistinliyi \u015fehit etmi\u015f, 172.000 ki\u015fiyi yaralam\u0131\u015f ve sivil altyap\u0131n\u0131n %90&#8217;\u0131n\u0131 etkileyen b\u00fcy\u00fck bir y\u0131k\u0131ma neden olmu\u015ftur. Bu rakamlar, Siyonist rejimin Filistin halk\u0131na y\u00f6nelik sistematik zulm\u00fcn\u00fc ve soyk\u0131r\u0131m niyetini a\u00e7\u0131k\u00e7a ortaya koymaktad\u0131r.<\/p>\n<p>Filistin halk\u0131n\u0131n direni\u015fi ve uluslararas\u0131 toplumun bu vah\u015fete kar\u015f\u0131 sessizli\u011fi, insanl\u0131k onuruna vurulan bir darbedir. Gazze&#8217;de ya\u015fanan bu insanl\u0131k dram\u0131na kar\u015f\u0131 vicdan sahibi herkesin sesini y\u00fckseltmesi elzemdir.<\/p>\n<p>#Gazze #Filistin #\u0130srailZulm\u00fc #Ate\u015fkes\u0130hlali #\u015eehitler #Soyk\u0131r\u0131m #\u0130\u015fgalci\u0130srail #\u0130nsanl\u0131kDram\u0131 #FilistinHalk\u0131 #Kud\u00fcs<\/p>\n","protected":false},"excerpt":{"rendered":"<p>\u0130\u015fgalci \u0130srail&#8217;den Gazze&#8217;ye Yeni Katliam Dalgas\u0131: Ate\u015fkese Ra\u011fmen 4 Filistinli \u015eehit D\u00fc\u015ft\u00fc Gazze \u015eeridi&#8217;nde insanl\u0131k d\u0131\u015f\u0131 sald\u0131r\u0131lar durmak bilmiyor. Anadolu Ajans\u0131&#8217;n\u0131n t\u0131bbi kaynaklara dayand\u0131rd\u0131\u011f\u0131 haberine g\u00f6re, devam eden ate\u015fkese ra\u011fmen Pazar sabah\u0131 erken saatlerde i\u015fgalci \u0130srail&#8217;in d\u00fczenledi\u011fi yeni sald\u0131r\u0131 dalgas\u0131nda, aralar\u0131nda bir \u00e7ocu\u011fun da bulundu\u011fu d\u00f6rt Filistinli \u015fehit oldu. Siyonist Vah\u015fetinin Yeni Kurbanlar\u0131 Gazze \u015eehri&#8217;nin [&hellip;]<\/p>\n","protected":false},"author":2,"featured_media":10194,"comment_status":"open","ping_status":"open","sticky":false,"template":"","format":"standard","meta":{"footnotes":""},"categories":[37],"tags":[],"class_list":["post-10193","post","type-post","status-publish","format-standard","has-post-thumbnail","hentry","category-orta-dogu-haberleri"],"_links":{"self":[{"href":"https:\/\/fajr.news\/index.php?rest_route=\/wp\/v2\/posts\/10193","targetHints":{"allow":["GET"]}}],"collection":[{"href":"https:\/\/fajr.news\/index.php?rest_route=\/wp\/v2\/posts"}],"about":[{"href":"https:\/\/fajr.news\/index.php?rest_route=\/wp\/v2\/types\/post"}],"author":[{"embeddable":true,"href":"https:\/\/fajr.news\/index.php?rest_route=\/wp\/v2\/users\/2"}],"replies":[{"embeddable":true,"href":"https:\/\/fajr.news\/index.php?rest_route=%2Fwp%2Fv2%2Fcomments&post=10193"}],"version-history":[{"count":0,"href":"https:\/\/fajr.news\/index.php?rest_route=\/wp\/v2\/posts\/10193\/revisions"}],"wp:featuredmedia":[{"embeddable":true,"href":"https:\/\/fajr.news\/index.php?rest_route=\/wp\/v2\/media\/10194"}],"wp:attachment":[{"href":"https:\/\/fajr.news\/index.php?rest_route=%2Fwp%2Fv2%2Fmedia&parent=10193"}],"wp:term":[{"taxonomy":"category","embeddable":true,"href":"https:\/\/fajr.news\/index.php?rest_route=%2Fwp%2Fv2%2Fcategories&post=10193"},{"taxonomy":"post_tag","embeddable":true,"href":"https:\/\/fajr.news\/index.php?rest_route=%2Fwp%2Fv2%2Ftags&post=10193"}],"curies":[{"name":"wp","href":"https:\/\/api.w.org\/{rel}","templated":true}]}}