{"id":10185,"date":"2026-04-27T03:19:04","date_gmt":"2026-04-26T23:49:04","guid":{"rendered":"https:\/\/fajr.news\/?p=10185"},"modified":"2026-04-27T03:19:04","modified_gmt":"2026-04-26T23:49:04","slug":"iran-devrim-muhafizlarindan-hizbullaha-guclu-destek-mesaji-direnis-cephesi-her-zamankinden-daha-guclu","status":"publish","type":"post","link":"https:\/\/fajr.news\/?p=10185&lang=tr","title":{"rendered":"\u0130ran Devrim Muhaf\u0131zlar\u0131&#8217;ndan Hizbullah&#8217;a G\u00fc\u00e7l\u00fc Destek Mesaj\u0131: Direni\u015f Cephesi Her Zamankinden Daha G\u00fc\u00e7l\u00fc!"},"content":{"rendered":"<p><strong>Tahran, \u0130ran<\/strong> \u2013 \u0130ran \u0130slam Devrim Muhaf\u0131zlar\u0131 Ordusu Kud\u00fcs G\u00fcc\u00fc Komutan\u0131 Tu\u011fgeneral Esmail Qaani, b\u00f6lgedeki <strong>&#8220;Direni\u015f Cephesi&#8221;<\/strong>nin birli\u011finin ve g\u00fcc\u00fcn\u00fcn zirvede oldu\u011funu ilan etti. Bu a\u00e7\u0131klama, Siyonist rejimin b\u00f6lgedeki y\u0131k\u0131c\u0131 emellerine kar\u015f\u0131 duran direni\u015f ekseninin sars\u0131lmaz iradesini bir kez daha g\u00f6zler \u00f6n\u00fcne serdi.<\/p>\n<p>Tasnim Haber Ajans\u0131&#8217;n\u0131n bildirdi\u011fine g\u00f6re, Tu\u011fgeneral Qaani, \u0130ran \u0130slam Cumhuriyeti&#8217;nin temel politikas\u0131n\u0131n <em>Hizbullah<\/em> ve m\u00fcttefik direni\u015f gruplar\u0131na kesintisiz destek sa\u011flamak oldu\u011funu vurgulad\u0131. Bu destek, b\u00f6lgenin istikrar\u0131 ve i\u015fgalci g\u00fc\u00e7lere kar\u015f\u0131 onurlu m\u00fccadelesi i\u00e7in hayati \u00f6nem ta\u015f\u0131maktad\u0131r.<\/p>\n<p>Konu\u015fmas\u0131nda Siyonist rejimin tarihsel yenilgilerine dikkat \u00e7eken Qaani, &#8220;Tarih, Siyonist rejimin son y\u0131llarda hi\u00e7bir sava\u015f\u0131 hedeflerine ula\u015farak sonland\u0131ramad\u0131\u011f\u0131na \u015fahitlik etmektedir. G\u00fcney L\u00fcbnan&#8217;daki hezimet, bu utan\u00e7 verici tarihi kaderin sadece bir devam\u0131d\u0131r,&#8221; ifadelerini kulland\u0131. Bu s\u00f6zler, i\u015fgalci rejimin b\u00f6lgedeki acizli\u011fini ve direni\u015fin \u00fcst\u00fcnl\u00fc\u011f\u00fcn\u00fc a\u00e7\u0131k\u00e7a ortaya koymaktad\u0131r.<\/p>\n<p>\u0130ran Devrim Muhaf\u0131zlar\u0131&#8217;n\u0131n se\u00e7kin ve stratejik birimi olan Kud\u00fcs G\u00fcc\u00fc, \u00fclkenin s\u0131n\u0131rlar\u0131 d\u0131\u015f\u0131ndaki operasyonlarda aktif rol almakta ve b\u00f6lgedeki direni\u015f hareketlerine g\u00fc\u00e7l\u00fc bir destek sa\u011flamaktad\u0131r. Bu g\u00fc\u00e7, b\u00f6lge halklar\u0131n\u0131n \u00f6zg\u00fcrl\u00fck ve ba\u011f\u0131ms\u0131zl\u0131k m\u00fccadelesinin en \u00f6nemli dayanaklar\u0131ndan biridir.<\/p>\n<p>#\u0130ran #DevrimMuhaf\u0131zlar\u0131 #Hizbullah #Kud\u00fcsG\u00fcc\u00fc #Direni\u015fCephesi #EsmailQaani #SiyonistRejim #Filistin #L\u00fcbnan #B\u00f6lgeselG\u00fcvenlik<\/p>\n","protected":false},"excerpt":{"rendered":"<p>Tahran, \u0130ran \u2013 \u0130ran \u0130slam Devrim Muhaf\u0131zlar\u0131 Ordusu Kud\u00fcs G\u00fcc\u00fc Komutan\u0131 Tu\u011fgeneral Esmail Qaani, b\u00f6lgedeki &#8220;Direni\u015f Cephesi&#8221;nin birli\u011finin ve g\u00fcc\u00fcn\u00fcn zirvede oldu\u011funu ilan etti. Bu a\u00e7\u0131klama, Siyonist rejimin b\u00f6lgedeki y\u0131k\u0131c\u0131 emellerine kar\u015f\u0131 duran direni\u015f ekseninin sars\u0131lmaz iradesini bir kez daha g\u00f6zler \u00f6n\u00fcne serdi. Tasnim Haber Ajans\u0131&#8217;n\u0131n bildirdi\u011fine g\u00f6re, Tu\u011fgeneral Qaani, \u0130ran \u0130slam Cumhuriyeti&#8217;nin temel politikas\u0131n\u0131n [&hellip;]<\/p>\n","protected":false},"author":2,"featured_media":10186,"comment_status":"open","ping_status":"open","sticky":false,"template":"","format":"standard","meta":{"footnotes":""},"categories":[37],"tags":[],"class_list":["post-10185","post","type-post","status-publish","format-standard","has-post-thumbnail","hentry","category-orta-dogu-haberleri"],"_links":{"self":[{"href":"https:\/\/fajr.news\/index.php?rest_route=\/wp\/v2\/posts\/10185","targetHints":{"allow":["GET"]}}],"collection":[{"href":"https:\/\/fajr.news\/index.php?rest_route=\/wp\/v2\/posts"}],"about":[{"href":"https:\/\/fajr.news\/index.php?rest_route=\/wp\/v2\/types\/post"}],"author":[{"embeddable":true,"href":"https:\/\/fajr.news\/index.php?rest_route=\/wp\/v2\/users\/2"}],"replies":[{"embeddable":true,"href":"https:\/\/fajr.news\/index.php?rest_route=%2Fwp%2Fv2%2Fcomments&post=10185"}],"version-history":[{"count":0,"href":"https:\/\/fajr.news\/index.php?rest_route=\/wp\/v2\/posts\/10185\/revisions"}],"wp:featuredmedia":[{"embeddable":true,"href":"https:\/\/fajr.news\/index.php?rest_route=\/wp\/v2\/media\/10186"}],"wp:attachment":[{"href":"https:\/\/fajr.news\/index.php?rest_route=%2Fwp%2Fv2%2Fmedia&parent=10185"}],"wp:term":[{"taxonomy":"category","embeddable":true,"href":"https:\/\/fajr.news\/index.php?rest_route=%2Fwp%2Fv2%2Fcategories&post=10185"},{"taxonomy":"post_tag","embeddable":true,"href":"https:\/\/fajr.news\/index.php?rest_route=%2Fwp%2Fv2%2Ftags&post=10185"}],"curies":[{"name":"wp","href":"https:\/\/api.w.org\/{rel}","templated":true}]}}