{"id":10157,"date":"2026-04-27T02:50:39","date_gmt":"2026-04-26T23:20:39","guid":{"rendered":"https:\/\/fajr.news\/?p=10157"},"modified":"2026-04-27T02:50:39","modified_gmt":"2026-04-26T23:20:39","slug":"seyh-cerrah-ateskesler-israilin-sessiz-ilhakinin-onunu-nasil-aciyor","status":"publish","type":"post","link":"https:\/\/fajr.news\/?p=10157&lang=tr","title":{"rendered":"\u015eeyh Cerrah: Ate\u015fkesler \u0130srail&#8217;in sessiz ilhak\u0131n\u0131n \u00f6n\u00fcn\u00fc nas\u0131l a\u00e7\u0131yor?"},"content":{"rendered":"<p>20 Nisan 2026&#8217;da Kud\u00fcs B\u00f6lge Planlama Komitesi, \u015eeyh Cerrah&#8217;\u0131n kalbinde, Or Somayach veya Glassman Ye\u015fiva olarak bilinen 11 katl\u0131 ultra-Ortodoks Yahudi dini okulunun yap\u0131m\u0131n\u0131 onaylad\u0131. Proje, mahallenin g\u00fcney giri\u015finde, \u015eeyh Cerrah Camii&#8217;nin tam kar\u015f\u0131s\u0131nda, be\u015f d\u00f6n\u00fcml\u00fck bir arazi \u00fczerinde y\u00fckselecek. Y\u00fczlerce \u00f6\u011frenci i\u00e7in yurtlar ve \u00f6\u011fretim g\u00f6revlileri i\u00e7in konut birimleri i\u00e7erecek. Filistinli yetkililer bu ad\u0131m\u0131 derhal k\u0131nayarak, mevcut b\u00f6lgesel dikkat da\u011f\u0131n\u0131kl\u0131klar\u0131n\u0131 kasten istismar etti\u011fini belirtti.<\/p>\n<p>Gazze ve L\u00fcbnan&#8217;da k\u0131r\u0131lgan ate\u015fkesler s\u00fcrerken ve dikkatler \u0130ran&#8217;a kaym\u0131\u015fken, \u0130srail i\u015fgal alt\u0131ndaki Do\u011fu Kud\u00fcs ve Bat\u0131 \u015eeria&#8217;daki yerle\u015fimci-s\u00f6m\u00fcrge projesini h\u0131zla ilerletiyor. \u015eeyh Cerrah&#8217;taki bu son ad\u0131m m\u00fcnferit bir olay de\u011fil. Filistinlileri yerinden etme ve yerle\u015fimcileri yerle\u015ftirme, ger\u00e7ek\u00e7i iki devletli \u00e7\u00f6z\u00fcm\u00fc ortadan kald\u0131rma ve uluslararas\u0131 hukuku \u00e7i\u011fneme y\u00f6n\u00fcndeki sistematik bir \u00e7aban\u0131n par\u00e7as\u0131d\u0131r. Filistinli aileler bunun bedelini a\u011f\u0131r \u00f6d\u00fcyor.<\/p>\n<p>Bu karar, onlarca y\u0131ld\u0131r s\u00fcren bir kampanyan\u0131n son halkas\u0131d\u0131r. \u0130\u015fgal yetkilileri, y\u0131llar \u00f6nce \u201ckamu ihtiya\u00e7lar\u0131\u201d bahanesiyle araziye el koymu\u015f ve 2007&#8217;de ABD ba\u011flant\u0131l\u0131 Or Somayach Kurumlar\u0131&#8217;na devretmi\u015fti.<\/p>\n<p>E\u011fer bu kompleks in\u015fa edilirse, yerle\u015fimci n\u00fcfusunu keskin bir \u015fekilde art\u0131racak, g\u00fcvenlik kontrollerini s\u0131k\u0131la\u015ft\u0131racak ve mahallenin karakterini tan\u0131nmayacak \u015fekilde de\u011fi\u015ftirecektir. B\u00f6lge sakinleri zaten g\u00fcnl\u00fck tacize, hareket k\u0131s\u0131tlamalar\u0131na ve s\u00fcrekli tahliye tehdidine maruz kal\u0131yor.<\/p>\n<p>Filistin Ulusal Konseyi Ba\u015fkan\u0131 Rawhi Fattouh, onay\u0131n hesapl\u0131 bir s\u00f6m\u00fcrge stratejisinin par\u00e7as\u0131 oldu\u011funu belirtti. \u201cOr Somayach projesinin onaylanmas\u0131, b\u00f6lgesel karga\u015fay\u0131 kullanarak i\u015fgal alt\u0131ndaki Kud\u00fcs&#8217;te yasa d\u0131\u015f\u0131 de\u011fi\u015fiklikler dayatan sistematik bir s\u00f6m\u00fcrge projesinin par\u00e7as\u0131d\u0131r,\u201d dedi. Ona g\u00f6re, zamanlama tesad\u00fcf de\u011fil. Bu ad\u0131m, ba\u015fka yerlerdeki ate\u015fkeslere odaklan\u0131lmas\u0131ndan faydalanarak, aksi takdirde daha g\u00fc\u00e7l\u00fc bir direni\u015fle kar\u015f\u0131la\u015facak olan sahadaki ger\u00e7ekleri dayatmay\u0131 ama\u00e7l\u0131yor.<\/p>\n<p>Bu tek proje, \u00e7ok daha geni\u015f kapsaml\u0131 bir toprak gasp\u0131n\u0131n sadece bir par\u00e7as\u0131d\u0131r. Ge\u00e7ti\u011fimiz A\u011fustos ay\u0131nda \u0130srail makamlar\u0131, Do\u011fu Kud\u00fcs&#8217;\u00fc Ma&#8217;ale Adumim yerle\u015fim blo\u011funa ba\u011flayacak binlerce yeni konut biriminin \u00f6n\u00fcn\u00fc a\u00e7an tart\u0131\u015fmal\u0131 E1 plan\u0131n\u0131 kesinle\u015ftirdi. Tamamland\u0131\u011f\u0131nda, Do\u011fu Kud\u00fcs&#8217;\u00fc Bat\u0131 \u015eeria&#8217;n\u0131n geri kalan\u0131ndan ay\u0131racak ve kesintisiz bir \u0130srail koridoru olu\u015fturacakt\u0131r. Bu y\u0131l \u015eubat ay\u0131nda h\u00fck\u00fcmet, 1967&#8217;den bu yana ilk kez C B\u00f6lgesi&#8217;nin b\u00fcy\u00fck bir k\u0131sm\u0131nda resmi arazi tescilini yeniden ba\u015flatt\u0131. Ele\u015ftirmenler bunu hakl\u0131 olarak fiili ilhak olarak nitelendiriyor; bu s\u00fcre\u00e7, geni\u015f Filistin topraklar\u0131n\u0131 \u0130srail devletine devredebilir.<\/p>\n<p>Yerle\u015fim yerleri etraf\u0131ndaki tampon b\u00f6lgeler geni\u015flemeye devam ediyor, yeni karakollar ortaya \u00e7\u0131k\u0131yor ve \u00e7evre yollar\u0131 \u00e7o\u011fal\u0131yor. T\u00fcm bu \u00f6nlemler, Filistinlilerin kendi tar\u0131m arazilerine ve evlerine eri\u015fimini k\u0131s\u0131tl\u0131yor. Hepsi bir araya geldi\u011finde, co\u011frafi olarak biti\u015fik bir Filistin devletini imkans\u0131z hale getiriyor ve kal\u0131c\u0131 i\u015fgali peki\u015ftiriyor.<\/p>\n<p>B\u00f6lgesel ate\u015fkesler, \u0130srail&#8217;e ihtiyac\u0131 olan siyasi \u00f6rt\u00fcy\u00fc sa\u011flad\u0131. Ekim 2025&#8217;te ba\u015flayan Gazze ate\u015fkesinden alt\u0131 ay sonra bile insani kriz devam ediyor, k\u0131s\u0131tlamalar, hastal\u0131k salg\u0131nlar\u0131 ve yeniden yap\u0131lanma durmu\u015f durumda.<\/p>\n<p>Ancak dikkatler ba\u015fka y\u00f6ne kayd\u0131. Nisan ortas\u0131nda ba\u015flayan L\u00fcbnan ate\u015fkesi ve \u0130ran etraf\u0131ndaki gergin duraklamalar, diplomatik ve medya oda\u011f\u0131n\u0131 uzakla\u015ft\u0131rd\u0131. Filistinli yetkililer, \u015eeyh Cerrah karar\u0131n\u0131 do\u011frudan bu dikkat da\u011f\u0131n\u0131kl\u0131\u011f\u0131na ba\u011flad\u0131.<\/p>\n<p>\u0130srailli hak \u00f6rg\u00fct\u00fc Ir Amim, ye\u015fiva plan\u0131n\u0131n Filistinli sakinler \u00fczerindeki bask\u0131y\u0131 keskin bir \u015fekilde art\u0131raca\u011f\u0131 konusunda uyard\u0131. E\u011fer bu plan hayata ge\u00e7irilirse, \u015eeyh Cerrah&#8217;ta nesillerdir ya\u015fayan aileler i\u00e7in g\u00fcnl\u00fck g\u00fcvensizlik artacak. \u00c7ocuklar, onlar\u0131 d\u0131\u015flamak \u00fczere kas\u0131tl\u0131 olarak yeniden tasarlanm\u0131\u015f mahallelerde b\u00fcy\u00fcyecek. Ebeveynler, miraslar\u0131n\u0131n ve gelecek umutlar\u0131n\u0131n beton ve ideoloji alt\u0131nda yok olu\u015funu izleyecek.<\/p>\n<p>Bu ad\u0131mlar\u0131n her biri uluslararas\u0131 hukuku ihlal etmektedir. \u0130\u015fgal alt\u0131ndaki topraklardaki yerle\u015fim faaliyetleri D\u00f6rd\u00fcnc\u00fc Cenevre S\u00f6zle\u015fmesi&#8217;ni \u00e7i\u011fnemektedir. E1 plan\u0131 ve arazi tescil s\u00fcreci, hem s\u00f6zle\u015fme hem de tekrarlanan BM kararlar\u0131 uyar\u0131nca yasaklanan ilhak ve zorla yerinden etme anlam\u0131na gelmektedir. Uluslararas\u0131 Adalet Divan\u0131 bu t\u00fcr eylemleri defalarca yasa d\u0131\u015f\u0131 ilan etmi\u015ftir.<\/p>\n<p>\u0130srail, bu ilerlemelerle Do\u011fu Kud\u00fcs&#8217;teki Filistin haklar\u0131n\u0131 korumas\u0131 gereken yasal g\u00fcvenceleri zay\u0131flatmaktad\u0131r. Ayr\u0131ca, uluslararas\u0131 konsens\u00fcse ve Filistin ulusal arzular\u0131na dayanan, \u015fehrin gelecekteki bir Filistin devletinin ba\u015fkenti olarak hizmet etme \u015fans\u0131n\u0131 da yok etmektedir.<\/p>\n<p>\u0130nsani bedel s\u0131radan Filistinli ailelerin \u00fczerine d\u00fc\u015f\u00fcyor. Bir\u00e7o\u011fu zaten tekrarlanan tahliye tehditlerinin ve ev y\u0131k\u0131mlar\u0131n\u0131n izlerini ta\u015f\u0131yor.<\/p>\n<p>Yeni ye\u015fiva, y\u00fczlerce daha fazla yerle\u015fimciyi aralar\u0131na getirecek ve g\u00fcnl\u00fck ya\u015fam\u0131 daha da zorla\u015ft\u0131racak. Bu aileler soyut istatistikler de\u011fil. Onlar, uluslararas\u0131 hukukun \u00f6nlemesi gereken m\u00fclks\u00fczle\u015ftirmenin canl\u0131 kan\u0131t\u0131d\u0131r.<\/p>\n<p>\u015eeyh Cerrah&#8217;tan ve Bat\u0131 \u015eeria&#8217;daki paralel ad\u0131mlardan gelen mesaj a\u00e7\u0131k ve nettir. \u0130\u015fgali oldu\u011fu gibi b\u0131rakan ate\u015fkesler bar\u0131\u015f getirmez. Sadece m\u00fclks\u00fczle\u015ftirmenin bir sonraki a\u015famas\u0131na kap\u0131 aralar. D\u00fcnya ba\u015fka yerlerdeki k\u0131r\u0131lgan ate\u015fkesleri izlerken, \u0130srail iki devletli \u00e7\u00f6z\u00fcm\u00fc g\u00f6mmeye ve apartheid ile e\u015fitsizli\u011fin tek devletli ger\u00e7ekli\u011fini dayatmaya devam ediyor.<\/p>\n<p>B\u00f6lgede ger\u00e7ek g\u00fcvenlik ve istikrar, \u015fiddetteki ge\u00e7ici duraklamalardan daha fazlas\u0131n\u0131 gerektirir. Ger\u00e7ek hesap verebilirli\u011fi, yerle\u015fim geni\u015flemesine derhal son verilmesini ve geri d\u00f6n\u00fc\u015f hakk\u0131 ile Kud\u00fcs&#8217;\u00fcn Filistin&#8217;in ba\u015fkenti olmas\u0131 da dahil olmak \u00fczere Filistin haklar\u0131n\u0131n tam olarak iadesini talep eder. Uluslararas\u0131 toplum ancak i\u015fgalin ac\u0131mas\u0131z s\u00fcreklili\u011fiyle y\u00fczle\u015ferek uluslararas\u0131 hukuku koruyabilir ve Orta Do\u011fu&#8217;nun acilen ihtiya\u00e7 duydu\u011fu e\u015fitlik ve adaleti ilerletebilir.<\/p>\n<p>Bu makalede ifade edilen g\u00f6r\u00fc\u015fler yazara aittir ve Middle East Monitor&#8217;\u0131n editoryal politikas\u0131n\u0131 yans\u0131tmayabilir.<\/p>\n<p>#\u015eeyhCerrah #Filistin #\u0130srail\u0130lhaki #Kud\u00fcs #Bat\u0131\u015eeria #Uluslararas\u0131Hukuk #\u0130kiDevletli\u00c7\u00f6z\u00fcm #Ate\u015fkes #Yerle\u015fimYerleri #\u0130nsanHaklar\u0131<\/p>\n","protected":false},"excerpt":{"rendered":"<p>20 Nisan 2026&#8217;da Kud\u00fcs B\u00f6lge Planlama Komitesi, \u015eeyh Cerrah&#8217;\u0131n kalbinde, Or Somayach veya Glassman Ye\u015fiva olarak bilinen 11 katl\u0131 ultra-Ortodoks Yahudi dini okulunun yap\u0131m\u0131n\u0131 onaylad\u0131. Proje, mahallenin g\u00fcney giri\u015finde, \u015eeyh Cerrah Camii&#8217;nin tam kar\u015f\u0131s\u0131nda, be\u015f d\u00f6n\u00fcml\u00fck bir arazi \u00fczerinde y\u00fckselecek. Y\u00fczlerce \u00f6\u011frenci i\u00e7in yurtlar ve \u00f6\u011fretim g\u00f6revlileri i\u00e7in konut birimleri i\u00e7erecek. Filistinli yetkililer bu ad\u0131m\u0131 [&hellip;]<\/p>\n","protected":false},"author":2,"featured_media":10158,"comment_status":"open","ping_status":"open","sticky":false,"template":"","format":"standard","meta":{"footnotes":""},"categories":[37],"tags":[],"class_list":["post-10157","post","type-post","status-publish","format-standard","has-post-thumbnail","hentry","category-orta-dogu-haberleri"],"_links":{"self":[{"href":"https:\/\/fajr.news\/index.php?rest_route=\/wp\/v2\/posts\/10157","targetHints":{"allow":["GET"]}}],"collection":[{"href":"https:\/\/fajr.news\/index.php?rest_route=\/wp\/v2\/posts"}],"about":[{"href":"https:\/\/fajr.news\/index.php?rest_route=\/wp\/v2\/types\/post"}],"author":[{"embeddable":true,"href":"https:\/\/fajr.news\/index.php?rest_route=\/wp\/v2\/users\/2"}],"replies":[{"embeddable":true,"href":"https:\/\/fajr.news\/index.php?rest_route=%2Fwp%2Fv2%2Fcomments&post=10157"}],"version-history":[{"count":0,"href":"https:\/\/fajr.news\/index.php?rest_route=\/wp\/v2\/posts\/10157\/revisions"}],"wp:featuredmedia":[{"embeddable":true,"href":"https:\/\/fajr.news\/index.php?rest_route=\/wp\/v2\/media\/10158"}],"wp:attachment":[{"href":"https:\/\/fajr.news\/index.php?rest_route=%2Fwp%2Fv2%2Fmedia&parent=10157"}],"wp:term":[{"taxonomy":"category","embeddable":true,"href":"https:\/\/fajr.news\/index.php?rest_route=%2Fwp%2Fv2%2Fcategories&post=10157"},{"taxonomy":"post_tag","embeddable":true,"href":"https:\/\/fajr.news\/index.php?rest_route=%2Fwp%2Fv2%2Ftags&post=10157"}],"curies":[{"name":"wp","href":"https:\/\/api.w.org\/{rel}","templated":true}]}}