{"id":10149,"date":"2026-04-27T02:39:23","date_gmt":"2026-04-26T23:09:23","guid":{"rendered":"https:\/\/fajr.news\/?p=10149"},"modified":"2026-04-27T02:39:23","modified_gmt":"2026-04-26T23:09:23","slug":"rusya-iran-disisleri-bakaninin-gorusmeler-icin-ziyaretini-dogruladi","status":"publish","type":"post","link":"https:\/\/fajr.news\/?p=10149&lang=tr","title":{"rendered":"Rusya, \u0130ran D\u0131\u015fi\u015fleri Bakan\u0131&#8217;n\u0131n g\u00f6r\u00fc\u015fmeler i\u00e7in ziyaretini do\u011frulad\u0131"},"content":{"rendered":"<p>Rusya D\u0131\u015fi\u015fleri Bakanl\u0131\u011f\u0131 Pazar g\u00fcn\u00fc yapt\u0131\u011f\u0131 a\u00e7\u0131klamada, \u0130ran D\u0131\u015fi\u015fleri Bakan\u0131 Abbas Araghchi&#8217;nin g\u00f6r\u00fc\u015fmeler yapmak \u00fczere Moskova&#8217;ya gidece\u011fini bildirdi. Bakanl\u0131k, RIA Novosti haber ajans\u0131na yapt\u0131\u011f\u0131 a\u00e7\u0131klamada, &#8220;Araghchi&#8217;nin g\u00f6r\u00fc\u015fmeler yapmak amac\u0131yla Rusya&#8217;ya yapaca\u011f\u0131 ziyareti do\u011fruluyoruz,&#8221; dedi ve daha fazla ayr\u0131nt\u0131 vermedi. Daha \u00f6nce \u0130ran&#8217;\u0131n ISNA haber ajans\u0131, Tahran&#8217;\u0131n Rusya B\u00fcy\u00fckel\u00e7isi Kazem Jalali&#8217;nin Araghchi&#8217;nin Pazartesi g\u00fcn\u00fc Moskova&#8217;da Rusya Devlet Ba\u015fkan\u0131 Vladimir Putin ile bir araya gelerek &#8220;m\u00fczakerelerin, ate\u015fkesin ve \u00e7evresindeki geli\u015fmelerin son durumu hakk\u0131nda Rus yetkililerle isti\u015farelerde bulunaca\u011f\u0131n\u0131&#8221; s\u00f6yledi\u011fini aktarm\u0131\u015ft\u0131.<br \/>\n#Rusya #\u0130ran #D\u0131\u015fi\u015fleriBakan\u0131 #Moskova #G\u00f6r\u00fc\u015fmeler #Diplomasi #Araghchi #Putin #M\u00fczakereler #Ate\u015fkes<\/p>\n","protected":false},"excerpt":{"rendered":"<p>Rusya D\u0131\u015fi\u015fleri Bakanl\u0131\u011f\u0131 Pazar g\u00fcn\u00fc yapt\u0131\u011f\u0131 a\u00e7\u0131klamada, \u0130ran D\u0131\u015fi\u015fleri Bakan\u0131 Abbas Araghchi&#8217;nin g\u00f6r\u00fc\u015fmeler yapmak \u00fczere Moskova&#8217;ya gidece\u011fini bildirdi. Bakanl\u0131k, RIA Novosti haber ajans\u0131na yapt\u0131\u011f\u0131 a\u00e7\u0131klamada, &#8220;Araghchi&#8217;nin g\u00f6r\u00fc\u015fmeler yapmak amac\u0131yla Rusya&#8217;ya yapaca\u011f\u0131 ziyareti do\u011fruluyoruz,&#8221; dedi ve daha fazla ayr\u0131nt\u0131 vermedi. Daha \u00f6nce \u0130ran&#8217;\u0131n ISNA haber ajans\u0131, Tahran&#8217;\u0131n Rusya B\u00fcy\u00fckel\u00e7isi Kazem Jalali&#8217;nin Araghchi&#8217;nin Pazartesi g\u00fcn\u00fc Moskova&#8217;da Rusya [&hellip;]<\/p>\n","protected":false},"author":2,"featured_media":10150,"comment_status":"open","ping_status":"open","sticky":false,"template":"","format":"standard","meta":{"footnotes":""},"categories":[37],"tags":[],"class_list":["post-10149","post","type-post","status-publish","format-standard","has-post-thumbnail","hentry","category-orta-dogu-haberleri"],"_links":{"self":[{"href":"https:\/\/fajr.news\/index.php?rest_route=\/wp\/v2\/posts\/10149","targetHints":{"allow":["GET"]}}],"collection":[{"href":"https:\/\/fajr.news\/index.php?rest_route=\/wp\/v2\/posts"}],"about":[{"href":"https:\/\/fajr.news\/index.php?rest_route=\/wp\/v2\/types\/post"}],"author":[{"embeddable":true,"href":"https:\/\/fajr.news\/index.php?rest_route=\/wp\/v2\/users\/2"}],"replies":[{"embeddable":true,"href":"https:\/\/fajr.news\/index.php?rest_route=%2Fwp%2Fv2%2Fcomments&post=10149"}],"version-history":[{"count":0,"href":"https:\/\/fajr.news\/index.php?rest_route=\/wp\/v2\/posts\/10149\/revisions"}],"wp:featuredmedia":[{"embeddable":true,"href":"https:\/\/fajr.news\/index.php?rest_route=\/wp\/v2\/media\/10150"}],"wp:attachment":[{"href":"https:\/\/fajr.news\/index.php?rest_route=%2Fwp%2Fv2%2Fmedia&parent=10149"}],"wp:term":[{"taxonomy":"category","embeddable":true,"href":"https:\/\/fajr.news\/index.php?rest_route=%2Fwp%2Fv2%2Fcategories&post=10149"},{"taxonomy":"post_tag","embeddable":true,"href":"https:\/\/fajr.news\/index.php?rest_route=%2Fwp%2Fv2%2Ftags&post=10149"}],"curies":[{"name":"wp","href":"https:\/\/api.w.org\/{rel}","templated":true}]}}