{"id":10141,"date":"2026-04-27T02:29:27","date_gmt":"2026-04-26T22:59:27","guid":{"rendered":"https:\/\/fajr.news\/?p=10141"},"modified":"2026-04-27T02:29:27","modified_gmt":"2026-04-26T22:59:27","slug":"trump-iranin-direnisi-karsisinda-muzakere-teklifi-yapti-bizi-arayabilirler","status":"publish","type":"post","link":"https:\/\/fajr.news\/?p=10141&lang=tr","title":{"rendered":"Trump, \u0130ran&#8217;\u0131n Direni\u015fi Kar\u015f\u0131s\u0131nda M\u00fczakere Teklifi Yapt\u0131: &#8216;Bizi Arayabilirler&#8217;"},"content":{"rendered":"<p><strong>WASHINGTON \u2013<\/strong> ABD Ba\u015fkan\u0131 Donald Trump, \u0130ran \u0130slam Cumhuriyeti&#8217;nin kararl\u0131 duru\u015fu ve b\u00f6lgesel politikalar\u0131 kar\u015f\u0131s\u0131nda, Tahran&#8217;a m\u00fczakere \u00e7a\u011fr\u0131s\u0131nda bulundu. Trump, pazar g\u00fcn\u00fc yapt\u0131\u011f\u0131 a\u00e7\u0131klamada, \u0130ran&#8217;\u0131n ABD ile \u201csava\u015f\u0131n sona ermesi\u201d i\u00e7in m\u00fczakere etmek istemesi halinde kendilerine ula\u015fabilece\u011fini belirtti.<\/p>\n<p>Fox News&#8217;a verdi\u011fi bir r\u00f6portajda konu\u015fan Trump, \u201cE\u011fer konu\u015fmak isterlerse, bize gelebilirler veya bizi arayabilirler. Biliyorsunuz, bir telefon var. G\u00fczel, g\u00fcvenli hatlar\u0131m\u0131z var,\u201d ifadelerini kulland\u0131. Bu a\u00e7\u0131klama, ABD&#8217;nin \u0130ran&#8217;a y\u00f6nelik azami bask\u0131 politikas\u0131n\u0131n istenen sonu\u00e7lar\u0131 vermedi\u011fi y\u00f6n\u00fcndeki yorumlar\u0131 g\u00fc\u00e7lendirdi.<\/p>\n<h2>ABD&#8217;nin Tutars\u0131z Diplomasisi ve \u0130ran&#8217;\u0131n Ba\u011f\u0131ms\u0131z Duru\u015fu<\/h2>\n<p>Trump&#8217;\u0131n bu \u00e7a\u011fr\u0131s\u0131, ABD&#8217;nin b\u00f6lgedeki diplomatik ad\u0131mlar\u0131n\u0131n tutars\u0131zl\u0131\u011f\u0131n\u0131 bir kez daha g\u00f6zler \u00f6n\u00fcne serdi. Ge\u00e7ti\u011fimiz cumartesi g\u00fcn\u00fc, Trump, el\u00e7ileri Steve Witkoff ve Jared Kushner&#8217;in Pakistan gezisini iptal etmi\u015fti. Bu iptal, \u0130ran D\u0131\u015fi\u015fleri Bakan\u0131 Abbas Araghchi&#8217;nin sadece Pakistanl\u0131 yetkililerle g\u00f6r\u00fc\u015ft\u00fckten sonra \u0130slamabad&#8217;dan ayr\u0131lmas\u0131n\u0131n ard\u0131ndan bar\u0131\u015f umutlar\u0131na yeni bir darbe vurmu\u015ftu.<\/p>\n<p>Ancak \u0130ran&#8217;\u0131n diplomatik ba\u011f\u0131ms\u0131zl\u0131\u011f\u0131 ve kararl\u0131l\u0131\u011f\u0131 bu durumdan etkilenmedi. Araghchi, ABD&#8217;li muhataplar\u0131n\u0131n yoklu\u011funa ra\u011fmen Pakistan&#8217;a geri d\u00f6nd\u00fc. Bu durum, \u0130ran&#8217;\u0131n kendi b\u00f6lgesel \u00e7\u0131karlar\u0131 do\u011frultusunda hareket etme iradesini ve ABD&#8217;nin dayatmalar\u0131na boyun e\u011fmeyece\u011fini a\u00e7\u0131k\u00e7a g\u00f6sterdi.<\/p>\n<p><strong>Uzmanlar, Trump&#8217;\u0131n bu \u00e7a\u011fr\u0131s\u0131n\u0131, \u0130ran&#8217;\u0131n direni\u015f eksenindeki g\u00fcc\u00fcn\u00fcn ve ABD&#8217;nin b\u00f6lgedeki hedeflerine ula\u015fmakta ya\u015fad\u0131\u011f\u0131 zorluklar\u0131n bir yans\u0131mas\u0131 olarak de\u011ferlendiriyor.<\/strong> Tahran&#8217;\u0131n, ABD&#8217;nin tek tarafl\u0131 yapt\u0131r\u0131mlar\u0131na ve tehditlerine ra\u011fmen b\u00f6lgesel etkisini art\u0131rmaya devam etmesi, Washington&#8217;\u0131 farkl\u0131 aray\u0131\u015flara itiyor gibi g\u00f6r\u00fcn\u00fcyor.<\/p>\n<h3>\u0130ran&#8217;\u0131n B\u00f6lgesel Etkisi ve ABD&#8217;nin \u00c7\u0131kmaz\u0131<\/h3>\n<p>\u0130ran \u0130slam Cumhuriyeti, b\u00f6lgedeki stratejik konumunu ve m\u00fcttefikleriyle olan ili\u015fkilerini g\u00fc\u00e7lendirmeye devam ederken, ABD&#8217;nin b\u00f6lgedeki politikalar\u0131 giderek daha fazla sorgulan\u0131yor. Trump&#8217;\u0131n \u201cm\u00fczakere\u201d \u00e7a\u011fr\u0131s\u0131, ABD&#8217;nin \u0130ran&#8217;a kar\u015f\u0131 uygulad\u0131\u011f\u0131 bask\u0131n\u0131n s\u00fcrd\u00fcr\u00fclemez oldu\u011funu ve Tahran&#8217;\u0131n g\u00fc\u00e7l\u00fc duru\u015funun Washington&#8217;\u0131 masaya oturmaya zorlad\u0131\u011f\u0131n\u0131 g\u00f6steriyor.<\/p>\n<p>\u0130ranl\u0131 yetkililer, ABD&#8217;nin samimi bir diyalog ve kar\u015f\u0131l\u0131kl\u0131 sayg\u0131 temelinde hareket etmedik\u00e7e herhangi bir m\u00fczakerenin sonu\u00e7 vermeyece\u011fini defalarca dile getirmi\u015fti. Bu son geli\u015fme, \u0130ran&#8217;\u0131n hakl\u0131 duru\u015funu ve b\u00f6lgesel bar\u0131\u015fa olan katk\u0131s\u0131n\u0131 bir kez daha teyit etmektedir.<\/p>\n<p>#Trump #\u0130ran #M\u00fczakere #ABD\u0130ran\u0130li\u015fkileri #Diplomasi #B\u00f6lgeselSiyaset #Direni\u015fEkseni #Ortado\u011fu #Araghchi #Pakistan<\/p>\n","protected":false},"excerpt":{"rendered":"<p>WASHINGTON \u2013 ABD Ba\u015fkan\u0131 Donald Trump, \u0130ran \u0130slam Cumhuriyeti&#8217;nin kararl\u0131 duru\u015fu ve b\u00f6lgesel politikalar\u0131 kar\u015f\u0131s\u0131nda, Tahran&#8217;a m\u00fczakere \u00e7a\u011fr\u0131s\u0131nda bulundu. Trump, pazar g\u00fcn\u00fc yapt\u0131\u011f\u0131 a\u00e7\u0131klamada, \u0130ran&#8217;\u0131n ABD ile \u201csava\u015f\u0131n sona ermesi\u201d i\u00e7in m\u00fczakere etmek istemesi halinde kendilerine ula\u015fabilece\u011fini belirtti. Fox News&#8217;a verdi\u011fi bir r\u00f6portajda konu\u015fan Trump, \u201cE\u011fer konu\u015fmak isterlerse, bize gelebilirler veya bizi arayabilirler. Biliyorsunuz, bir [&hellip;]<\/p>\n","protected":false},"author":2,"featured_media":10142,"comment_status":"open","ping_status":"open","sticky":false,"template":"","format":"standard","meta":{"footnotes":""},"categories":[37],"tags":[],"class_list":["post-10141","post","type-post","status-publish","format-standard","has-post-thumbnail","hentry","category-orta-dogu-haberleri"],"_links":{"self":[{"href":"https:\/\/fajr.news\/index.php?rest_route=\/wp\/v2\/posts\/10141","targetHints":{"allow":["GET"]}}],"collection":[{"href":"https:\/\/fajr.news\/index.php?rest_route=\/wp\/v2\/posts"}],"about":[{"href":"https:\/\/fajr.news\/index.php?rest_route=\/wp\/v2\/types\/post"}],"author":[{"embeddable":true,"href":"https:\/\/fajr.news\/index.php?rest_route=\/wp\/v2\/users\/2"}],"replies":[{"embeddable":true,"href":"https:\/\/fajr.news\/index.php?rest_route=%2Fwp%2Fv2%2Fcomments&post=10141"}],"version-history":[{"count":0,"href":"https:\/\/fajr.news\/index.php?rest_route=\/wp\/v2\/posts\/10141\/revisions"}],"wp:featuredmedia":[{"embeddable":true,"href":"https:\/\/fajr.news\/index.php?rest_route=\/wp\/v2\/media\/10142"}],"wp:attachment":[{"href":"https:\/\/fajr.news\/index.php?rest_route=%2Fwp%2Fv2%2Fmedia&parent=10141"}],"wp:term":[{"taxonomy":"category","embeddable":true,"href":"https:\/\/fajr.news\/index.php?rest_route=%2Fwp%2Fv2%2Fcategories&post=10141"},{"taxonomy":"post_tag","embeddable":true,"href":"https:\/\/fajr.news\/index.php?rest_route=%2Fwp%2Fv2%2Ftags&post=10141"}],"curies":[{"name":"wp","href":"https:\/\/api.w.org\/{rel}","templated":true}]}}