{"id":10091,"date":"2026-04-27T00:49:28","date_gmt":"2026-04-26T21:19:28","guid":{"rendered":"https:\/\/fajr.news\/?p=10091"},"modified":"2026-04-27T00:49:28","modified_gmt":"2026-04-26T21:19:28","slug":"trump-elcilerinin-iran-ateskes-muzakereleri-icin-pakistan-gezisini-iptal-etti","status":"publish","type":"post","link":"https:\/\/fajr.news\/?p=10091&lang=tr","title":{"rendered":"Trump, el\u00e7ilerinin \u0130ran ate\u015fkes m\u00fczakereleri i\u00e7in Pakistan gezisini iptal etti"},"content":{"rendered":"<p>Steve Witkoff ve Jared Kushner, ate\u015fkes m\u00fczakerelerini yeniden canland\u0131rmak amac\u0131yla \u0130slamabad&#8217;a gideceklerdi. Donald Trump, Tahran&#8217;\u0131n \u00fcst d\u00fczey diplomat\u0131n\u0131n Cumartesi ge\u00e7 saatlerde \u0130slamabad&#8217;dan ayr\u0131lmas\u0131ndan k\u0131sa bir s\u00fcre sonra, ABD el\u00e7ilerine \u0130ran ile daha fazla g\u00f6r\u00fc\u015fme i\u00e7in Pakistan&#8217;a gitmemelerini s\u00f6yledi\u011fini belirtti.<br \/>\nTrump, Fox News&#8217;e \u015funlar\u0131 ekledi: &#8220;\u0130stedikleri zaman bizi arayabilirler.&#8221; Beyaz Saray Cuma g\u00fcn\u00fc, Steve Witkoff ve Jared Kushner&#8217;\u0131n ate\u015fkes m\u00fczakerelerini yeniden canland\u0131rmak amac\u0131yla Pakistan&#8217;\u0131n ba\u015fkentine gideceklerini a\u00e7\u0131klam\u0131\u015ft\u0131.<br \/>\n\u0130ki Pakistanl\u0131 yetkili, Associated Press&#8217;e isminin a\u00e7\u0131klanmamas\u0131 ko\u015fuluyla, medyaya konu\u015fma yetkileri olmad\u0131\u011f\u0131 i\u00e7in, \u0130ran D\u0131\u015fi\u015fleri Bakan\u0131 Abbas Araghchi&#8217;nin Cumartesi ak\u015fam\u0131 Pakistan&#8217;dan ayr\u0131ld\u0131\u011f\u0131n\u0131 bildirdi.<br \/>\nAraghchi, Pakistan Genelkurmay Ba\u015fkan\u0131 Mare\u015fal As\u0131m Munir ve Pakistan Ba\u015fbakan\u0131 \u015eehbaz \u015eerif ile \u0130ran&#8217;\u0131n m\u00fczakerelerdeki &#8220;k\u0131rm\u0131z\u0131 \u00e7izgileri&#8221; olarak adland\u0131rd\u0131\u011f\u0131 konular\u0131 g\u00f6r\u00fc\u015fm\u00fc\u015f ve Tahran&#8217;\u0131n Pakistan&#8217;\u0131n arabuluculuk \u00e7abalar\u0131na &#8220;bir sonu\u00e7 elde edilene kadar&#8221; kat\u0131laca\u011f\u0131n\u0131 belirtmi\u015fti. \u0130ran, g\u00f6r\u00fc\u015fmelerin dolayl\u0131 olaca\u011f\u0131n\u0131 s\u00f6ylemi\u015fti.<br \/>\nS\u00fcresiz bir ate\u015fkes \u00e7o\u011fu \u00e7at\u0131\u015fmay\u0131 durdurmu\u015f olsa da, H\u00fcrm\u00fcz Bo\u011faz\u0131&#8217;n\u0131n neredeyse kapanmas\u0131yla petrol, s\u0131v\u0131la\u015ft\u0131r\u0131lm\u0131\u015f do\u011fal gaz, g\u00fcbre ve di\u011fer malzemelerin k\u00fcresel sevkiyat\u0131n\u0131n aksamas\u0131yla ekonomik sonu\u00e7lar art\u0131yor.<br \/>\n\u0130ranl\u0131 yetkililer, ge\u00e7en y\u0131l ve bu y\u0131l\u0131n ba\u015flar\u0131nda Tahran&#8217;\u0131n n\u00fckleer program\u0131 \u00fczerine yap\u0131lan g\u00f6r\u00fc\u015fmelerin ABD ve \u0130srail taraf\u0131ndan sald\u0131r\u0131ya u\u011framas\u0131yla sona ermesinin ard\u0131ndan ABD&#8217;ye nas\u0131l g\u00fcvenebileceklerini a\u00e7\u0131k\u00e7a sormu\u015flard\u0131.<br \/>\nBeklenen g\u00f6r\u00fc\u015fmeler \u00f6ncesinde \u0130slamabad neredeyse tecrit alt\u0131ndayd\u0131. Pakistan, Trump&#8217;\u0131n bu hafta ate\u015fkesi s\u00fcresiz uzatt\u0131\u011f\u0131n\u0131 a\u00e7\u0131klamas\u0131ndan bu yana ABD ve \u0130ran&#8217;\u0131 m\u00fczakere masas\u0131na geri d\u00f6nd\u00fcrmeye \u00e7al\u0131\u015f\u0131yordu, bu da \u0130slamabad&#8217;\u0131n daha fazla diplomatik temas talebini onurland\u0131r\u0131yordu.<br \/>\nBeyaz Saray Cuma g\u00fcn\u00fc, ABD ba\u015fkan\u0131n\u0131n Witkoff ve Kushner&#8217;\u0131 Araghchi ile g\u00f6r\u00fc\u015fmek \u00fczere g\u00f6nderdi\u011fini belirtmi\u015fti. Ancak \u0130ran D\u0131\u015fi\u015fleri Bakanl\u0131\u011f\u0131, herhangi bir g\u00f6r\u00fc\u015fmenin dolayl\u0131 olaca\u011f\u0131n\u0131 ve mesajlar\u0131 Pakistanl\u0131 yetkililerin iletece\u011fini s\u00f6ylemi\u015fti.<br \/>\nPakistan&#8217;daki ilk g\u00f6r\u00fc\u015fme turu, ABD taraf\u0131ndan JD Vance liderli\u011finde 20 saatten fazla s\u00fcrm\u00fc\u015f ve 1979 \u0130slam Devrimi&#8217;nden bu yana uzun s\u00fcredir d\u00fc\u015fman olan taraflar aras\u0131ndaki en \u00fcst d\u00fczey do\u011frudan g\u00f6r\u00fc\u015fmeler olmu\u015ftu.<br \/>\nAraghchi ve Trump&#8217;\u0131n el\u00e7ileri 27 \u015eubat&#8217;ta Cenevre&#8217;de saatler s\u00fcren dolayl\u0131 g\u00f6r\u00fc\u015fmeler yapm\u0131\u015f ancak bir anla\u015fmaya varamadan ayr\u0131lm\u0131\u015flard\u0131. Ertesi g\u00fcn \u0130srail ve Amerika Birle\u015fik Devletleri sava\u015f\u0131 ba\u015flatm\u0131\u015ft\u0131.<br \/>\nUluslararas\u0131 standart olan Brent ham petrol\u00fcn\u00fcn fiyat\u0131, \u0130ran&#8217;\u0131n H\u00fcrm\u00fcz Bo\u011faz\u0131 \u00fczerindeki kontrol\u00fc nedeniyle, sava\u015f ba\u015flad\u0131\u011f\u0131ndan bu yana hala neredeyse %50 daha y\u00fcksek; bu bo\u011faz, d\u00fcnya petrol\u00fcn\u00fcn be\u015fte birinin bar\u0131\u015f zaman\u0131nda ge\u00e7ti\u011fi stratejik bir su yolu.<br \/>\n\u0130ran bu hafta \u00fc\u00e7 gemiye sald\u0131rd\u0131, ABD ise \u0130ran limanlar\u0131na abluka uyguluyor. Trump, may\u0131n d\u00f6\u015feyebilecek k\u00fc\u00e7\u00fck teknelerin &#8220;vurulup yok edilmesi&#8221; emrini verdi.<br \/>\nAlmanya Savunma Bakan\u0131 Boris Pistorius Cumartesi g\u00fcn\u00fc yapt\u0131\u011f\u0131 a\u00e7\u0131klamada, \u00fclkesinin d\u00fc\u015fmanl\u0131klar sona erdi\u011finde H\u00fcrm\u00fcz Bo\u011faz\u0131&#8217;ndaki \u0130ran may\u0131nlar\u0131n\u0131 temizlemeye yard\u0131mc\u0131 olmak i\u00e7in Akdeniz&#8217;e may\u0131n tarama gemileri g\u00f6nderdi\u011fini s\u00f6yledi.<br \/>\nBo\u011fazdan yap\u0131lan sevkiyatlardaki s\u0131k\u0131\u015f\u0131kl\u0131k, Panama Kanal\u0131 da dahil olmak \u00fczere k\u00fcresel deniz ticaretine yans\u0131m\u0131\u015f, neredeyse d\u00fcnyan\u0131n yar\u0131s\u0131n\u0131 etkilemi\u015ftir.<br \/>\nAyr\u0131ca Cumartesi g\u00fcn\u00fc, \u0130ran, ABD ve \u0130srail sald\u0131r\u0131lar\u0131yla iki ay \u00f6nce sava\u015f\u0131n ba\u015flamas\u0131ndan bu yana ilk kez Tahran Uluslararas\u0131 Havaliman\u0131&#8217;ndan ticari u\u00e7u\u015flara yeniden ba\u015flad\u0131. \u0130ran devlet televizyonuna g\u00f6re, u\u00e7u\u015flar\u0131n \u0130stanbul, Umman&#8217;\u0131n ba\u015fkenti Maskat ve Suudi Arabistan&#8217;\u0131n Medine \u015fehrine yap\u0131lmas\u0131 planlan\u0131yordu. \u0130ran, ate\u015fkes nedeniyle bu ay\u0131n ba\u015flar\u0131nda hava sahas\u0131n\u0131 k\u0131smen yeniden a\u00e7m\u0131\u015ft\u0131.<br \/>\nSava\u015f ba\u015flad\u0131\u011f\u0131ndan bu yana yetkililer, \u0130ran&#8217;da en az 3.375 ki\u015finin ve \u0130ran sava\u015f\u0131n\u0131n ba\u015flamas\u0131ndan iki g\u00fcn sonra \u0130srail ile \u0130ran destekli militan grup Hizbullah aras\u0131nda yeni \u00e7at\u0131\u015fmalar\u0131n \u00e7\u0131kt\u0131\u011f\u0131 L\u00fcbnan&#8217;da 2.490&#8217;dan fazla ki\u015finin \u00f6ld\u00fcr\u00fcld\u00fc\u011f\u00fcn\u00fc belirtiyor.<br \/>\nAyr\u0131ca \u0130srail&#8217;de 23 ki\u015fi ve K\u00f6rfez Arap \u00fclkelerinde bir d\u00fczineden fazla ki\u015fi \u00f6ld\u00fcr\u00fcld\u00fc. L\u00fcbnan&#8217;da on be\u015f \u0130srail askeri, b\u00f6lgede 13 ABD askeri personeli ve g\u00fcney L\u00fcbnan&#8217;daki BM bar\u0131\u015f g\u00fcc\u00fcnden alt\u0131 \u00fcye de hayat\u0131n\u0131 kaybetti.<br \/>\nTrump Per\u015fembe g\u00fcn\u00fc, \u0130srail ve L\u00fcbnan&#8217;\u0131n \u0130srail ile Hizbullah aras\u0131ndaki ate\u015fkesi \u00fc\u00e7 hafta uzatma konusunda anla\u015ft\u0131\u011f\u0131n\u0131 duyurdu. Hizbullah, Washington&#8217;\u0131n arabuluculu\u011fundaki diplomasiye kat\u0131lmam\u0131\u015ft\u0131.<br \/>\n#Trump #\u0130ran #Pakistan #Ate\u015fkesM\u00fczakereleri #H\u00fcrm\u00fczBo\u011faz\u0131 #ABD\u0130ranGerilimi #Diplomasi #Ortado\u011fu #K\u00fcreselTicaret #Sava\u015fVeBar\u0131\u015f<\/p>\n","protected":false},"excerpt":{"rendered":"<p>Steve Witkoff ve Jared Kushner, ate\u015fkes m\u00fczakerelerini yeniden canland\u0131rmak amac\u0131yla \u0130slamabad&#8217;a gideceklerdi. Donald Trump, Tahran&#8217;\u0131n \u00fcst d\u00fczey diplomat\u0131n\u0131n Cumartesi ge\u00e7 saatlerde \u0130slamabad&#8217;dan ayr\u0131lmas\u0131ndan k\u0131sa bir s\u00fcre sonra, ABD el\u00e7ilerine \u0130ran ile daha fazla g\u00f6r\u00fc\u015fme i\u00e7in Pakistan&#8217;a gitmemelerini s\u00f6yledi\u011fini belirtti. Trump, Fox News&#8217;e \u015funlar\u0131 ekledi: &#8220;\u0130stedikleri zaman bizi arayabilirler.&#8221; Beyaz Saray Cuma g\u00fcn\u00fc, Steve Witkoff ve [&hellip;]<\/p>\n","protected":false},"author":2,"featured_media":10092,"comment_status":"open","ping_status":"open","sticky":false,"template":"","format":"standard","meta":{"footnotes":""},"categories":[37],"tags":[],"class_list":["post-10091","post","type-post","status-publish","format-standard","has-post-thumbnail","hentry","category-orta-dogu-haberleri"],"_links":{"self":[{"href":"https:\/\/fajr.news\/index.php?rest_route=\/wp\/v2\/posts\/10091","targetHints":{"allow":["GET"]}}],"collection":[{"href":"https:\/\/fajr.news\/index.php?rest_route=\/wp\/v2\/posts"}],"about":[{"href":"https:\/\/fajr.news\/index.php?rest_route=\/wp\/v2\/types\/post"}],"author":[{"embeddable":true,"href":"https:\/\/fajr.news\/index.php?rest_route=\/wp\/v2\/users\/2"}],"replies":[{"embeddable":true,"href":"https:\/\/fajr.news\/index.php?rest_route=%2Fwp%2Fv2%2Fcomments&post=10091"}],"version-history":[{"count":0,"href":"https:\/\/fajr.news\/index.php?rest_route=\/wp\/v2\/posts\/10091\/revisions"}],"wp:featuredmedia":[{"embeddable":true,"href":"https:\/\/fajr.news\/index.php?rest_route=\/wp\/v2\/media\/10092"}],"wp:attachment":[{"href":"https:\/\/fajr.news\/index.php?rest_route=%2Fwp%2Fv2%2Fmedia&parent=10091"}],"wp:term":[{"taxonomy":"category","embeddable":true,"href":"https:\/\/fajr.news\/index.php?rest_route=%2Fwp%2Fv2%2Fcategories&post=10091"},{"taxonomy":"post_tag","embeddable":true,"href":"https:\/\/fajr.news\/index.php?rest_route=%2Fwp%2Fv2%2Ftags&post=10091"}],"curies":[{"name":"wp","href":"https:\/\/api.w.org\/{rel}","templated":true}]}}