{"id":10083,"date":"2026-04-27T00:40:14","date_gmt":"2026-04-26T21:10:14","guid":{"rendered":"https:\/\/fajr.news\/?p=10083"},"modified":"2026-04-27T00:40:14","modified_gmt":"2026-04-26T21:10:14","slug":"trump-abd-elcilerinin-iran-savasi-gorusmeleri-icin-pakistan-gezisini-iptal-etti","status":"publish","type":"post","link":"https:\/\/fajr.news\/?p=10083&lang=tr","title":{"rendered":"Trump, ABD el\u00e7ilerinin \u0130ran sava\u015f\u0131 g\u00f6r\u00fc\u015fmeleri i\u00e7in Pakistan gezisini iptal etti"},"content":{"rendered":"<p>Donald Trump, Tahran heyetinin \u0130slamabad&#8217;dan ayr\u0131lmas\u0131ndan k\u0131sa bir s\u00fcre sonra, ABD&#8217;li yetkililerin \u0130ran sava\u015f\u0131 g\u00f6r\u00fc\u015fmeleri i\u00e7in Pakistan&#8217;a yapmay\u0131 planlad\u0131\u011f\u0131 geziyi Cumartesi g\u00fcn\u00fc iptal etti.<\/p>\n<p>ABD Ba\u015fkan\u0131, \u00f6zel temsilci Steve Witkoff ve damad\u0131 Jared Kushner&#8217;in &#8220;\u00e7ok fazla zaman&#8221; harcayaca\u011f\u0131n\u0131 belirterek, \u0130ran&#8217;\u0131n konu\u015fmak istemesi halinde &#8220;tek yapmalar\u0131 gerekenin aramak oldu\u011funu&#8221; ekledi.<\/p>\n<p>Daha \u00f6nce, \u0130ran D\u0131\u015fi\u015fleri Bakan\u0131 Abbas Aragchi, arabulucu Pakistan ile g\u00f6r\u00fc\u015fmeler yapm\u0131\u015f, ard\u0131ndan \u0130ran&#8217;\u0131n sava\u015f\u0131 sona erdirme konusundaki tutumunu payla\u015ft\u0131\u011f\u0131n\u0131 ancak ABD&#8217;nin &#8220;diplomasi konusunda ger\u00e7ekten ciddi olup olmad\u0131\u011f\u0131n\u0131 hen\u00fcz g\u00f6rmedi\u011fini&#8221; s\u00f6ylemi\u015fti.<\/p>\n<p>Trump&#8217;\u0131n 22 Nisan&#8217;da sona ermesi beklenen ate\u015fkesi g\u00f6r\u00fc\u015fmelerin devam etmesine izin vermek i\u00e7in uzatmas\u0131na ra\u011fmen diplomatik \u00e7abalar durdu.<\/p>\n<p>Her iki taraf da H\u00fcrm\u00fcz Bo\u011faz\u0131 konusunda bir \u00e7\u0131kmazda kilitlenmi\u015f durumda; \u0130ran, ABD ve \u0130srail&#8217;in \u015eubat ay\u0131nda sald\u0131r\u0131lara ba\u015flamas\u0131n\u0131n ard\u0131ndan kilit nakliye rotas\u0131 \u00fczerinden ge\u00e7i\u015fi k\u0131s\u0131tlam\u0131\u015f durumda, ayr\u0131ca Tahran&#8217;\u0131n n\u00fckleer emelleri de s\u00f6z konusu.<\/p>\n<p>ABD, o zamandan beri d\u00fcnyan\u0131n petrol arz\u0131n\u0131n yakla\u015f\u0131k be\u015fte birinin ge\u00e7ti\u011fi bo\u011fazdaki deniz varl\u0131\u011f\u0131n\u0131 art\u0131rarak \u0130ran petrol ihracat\u0131n\u0131 engellemeyi hedefliyor.<\/p>\n<p>Beyaz Saray, Cuma g\u00fcn\u00fc gezinin duyurulmas\u0131 \u00fczerine \u0130ranl\u0131lar\u0131n &#8220;konu\u015fmak istedi\u011fini&#8221; s\u00f6ylemi\u015fti, ancak \u0130ran do\u011frudan bir g\u00f6r\u00fc\u015fme plan\u0131 olmad\u0131\u011f\u0131n\u0131 belirtti.<\/p>\n<p>Trump, y\u00fcz y\u00fcze g\u00f6r\u00fc\u015fmelerin bir ba\u015fka turu umutlar\u0131 azalmas\u0131na ra\u011fmen ate\u015fkesin Cumartesi g\u00fcn\u00fc devam edece\u011fini s\u00f6yledi.<\/p>\n<p>\u0130ptal edilen ABD gezisinin sava\u015f\u0131n yeniden ba\u015flayaca\u011f\u0131 anlam\u0131na gelip gelmedi\u011fi soruldu\u011funda, Axios haber sitesine &#8220;Hay\u0131r, bu anlama gelmiyor. Hen\u00fcz d\u00fc\u015f\u00fcnmedik bile&#8221; dedi.<\/p>\n<p>Cumartesi g\u00fcn\u00fc gezinin iptal edildi\u011fini duyuran Trump, \u0130ran liderli\u011fi i\u00e7inde &#8220;muazzam bir i\u00e7 \u00e7eki\u015fme ve kafa kar\u0131\u015f\u0131kl\u0131\u011f\u0131&#8221; oldu\u011funu ve &#8220;kendileri de dahil olmak \u00fczere kimin sorumlu oldu\u011funu kimsenin bilmedi\u011fini&#8221; s\u00f6yledi.<\/p>\n<p>Truth Social platformunda \u015f\u00f6yle yazd\u0131: &#8220;Ayr\u0131ca, t\u00fcm kartlar bizde, onlarda hi\u00e7 yok! Konu\u015fmak istiyorlarsa, tek yapmalar\u0131 gereken aramak!!!&#8221;<\/p>\n<p>Beyaz Saray Cuma g\u00fcn\u00fc yapt\u0131\u011f\u0131 a\u00e7\u0131klamada, ABD Ba\u015fkan Yard\u0131mc\u0131s\u0131 JD Vance&#8217;in g\u00f6r\u00fc\u015fmeler ba\u015far\u0131l\u0131 olsayd\u0131 kat\u0131lmak \u00fczere &#8220;haz\u0131r bekledi\u011fini&#8221; s\u00f6yledi.<\/p>\n<p>Bu ay\u0131n ba\u015flar\u0131nda yap\u0131lan ilk tur g\u00f6r\u00fc\u015fmelerde ABD heyetine liderlik etmi\u015fti ve ba\u015flang\u0131\u00e7ta planlanan heyette yer almamas\u0131 belki de b\u00fcy\u00fck bir at\u0131l\u0131m\u0131n beklenmedi\u011fine i\u015faret ediyordu.<\/p>\n<p>\u0130ran Cumhurba\u015fkan\u0131 Mesud Peze\u015fkian daha \u00f6nce Tahran&#8217;\u0131n g\u00f6r\u00fc\u015fmelere a\u00e7\u0131k oldu\u011funu ancak &#8220;taahh\u00fctlerin ihlali, abluka ve tehditlerin ger\u00e7ek m\u00fczakerelerin \u00f6n\u00fcndeki ana engeller oldu\u011funu&#8221; s\u00f6ylemi\u015fti.<\/p>\n<p>Pakistan, son haftalarda iki taraf aras\u0131nda arabuluculuk yapm\u0131\u015f, buna 11 Nisan&#8217;da anla\u015fma sa\u011flanamadan sona eren \u00fcst d\u00fczey ABD ve \u0130ranl\u0131 yetkililer aras\u0131ndaki g\u00f6r\u00fc\u015fmeler de dahildi.<\/p>\n<p>Umman ve Rusya ziyaretlerini de i\u00e7eren gezisi hakk\u0131nda X&#8217;te bir payla\u015f\u0131m yapan Aragchi, Pakistan ziyaretinin &#8220;verimli&#8221; ge\u00e7ti\u011fini yazd\u0131.<\/p>\n<p>&#8220;\u0130ran&#8217;a kar\u015f\u0131 sava\u015f\u0131 kal\u0131c\u0131 olarak sona erdirecek uygulanabilir bir \u00e7er\u00e7eveye ili\u015fkin \u0130ran&#8217;\u0131n tutumunu payla\u015ft\u0131\u011f\u0131n\u0131&#8221; ekledi, ancak &#8220;ABD&#8217;nin diplomasi konusunda ger\u00e7ekten ciddi olup olmad\u0131\u011f\u0131n\u0131 hen\u00fcz g\u00f6rmedi\u011fini&#8221; belirtti.<\/p>\n<p>Pakistan Ba\u015fbakan\u0131 \u015eehbaz \u015eerif, ikilinin &#8220;mevcut b\u00f6lgesel durum hakk\u0131nda \u00e7ok s\u0131cak, samimi bir g\u00f6r\u00fc\u015f al\u0131\u015fveri\u015finde bulundu\u011funu&#8221; s\u00f6yledi.<\/p>\n<p>\u0130ran devlet medyas\u0131na g\u00f6re Aragchi&#8217;nin Umman&#8217;\u0131 ziyaret ettikten sonra \u0130slamabad&#8217;a d\u00f6nmesi bekleniyor.<\/p>\n<p>Washington&#8217;\u0131n \u0130ran&#8217;\u0131n n\u00fckleer silah edinmesine kar\u015f\u0131 \u00e7\u0131kmas\u0131, mevcut \u00e7at\u0131\u015fmay\u0131 ba\u015flatman\u0131n bir nedeni olarak g\u00f6sterildi; ABD ve \u0130srail, Tahran&#8217;\u0131n atom bombas\u0131 geli\u015ftirmeye \u00e7al\u0131\u015ft\u0131\u011f\u0131ndan \u015f\u00fcpheleniyor.<\/p>\n<p>Tahran, uranyumu neredeyse silah seviyesine kadar zenginle\u015ftirmi\u015f olmas\u0131na ra\u011fmen, n\u00fckleer program\u0131n\u0131n enerji \u00fcretimi ama\u00e7l\u0131 oldu\u011funu s\u00f6yleyerek bu t\u00fcr niyetleri her zaman reddetti.<\/p>\n<p>Ba\u015fka bir yerde, \u00fclkenin devlet haber ajans\u0131na g\u00f6re Cumartesi g\u00fcn\u00fc \u0130srail&#8217;in g\u00fcney L\u00fcbnan&#8217;a d\u00fczenledi\u011fi sald\u0131r\u0131larda en az d\u00f6rt ki\u015fi \u00f6ld\u00fc. \u0130srail ordusu, Hizbullah&#8217;\u0131n \u0130srail&#8217;e roket att\u0131\u011f\u0131n\u0131 s\u00f6yledi.<\/p>\n<p>\u0130srail ile \u0130ran destekli militan grup aras\u0131ndaki ate\u015fkese ra\u011fmen, her iki taraf da son haftalarda kar\u015f\u0131l\u0131kl\u0131 ate\u015f a\u00e7maya devam etti ve birbirlerini anla\u015fmay\u0131 ihlal etmekle su\u00e7lad\u0131.<\/p>\n<p>Cumartesi g\u00fcn\u00fc \u0130srail Ba\u015fbakan\u0131 Binyamin Netanyahu&#8217;nun ofisinden yap\u0131lan a\u00e7\u0131klamada, orduya &#8220;L\u00fcbnan&#8217;daki Hizbullah hedeflerine \u015fiddetle sald\u0131rmas\u0131&#8221; emrinin verildi\u011fi belirtildi.<\/p>\n<p>#Trump #\u0130ran #Pakistan #ABD #Diplomasi #H\u00fcrm\u00fczBo\u011faz\u0131 #N\u00fckleerProgram #Ate\u015fkes #Ortado\u011fu #Gerilim<\/p>\n","protected":false},"excerpt":{"rendered":"<p>Donald Trump, Tahran heyetinin \u0130slamabad&#8217;dan ayr\u0131lmas\u0131ndan k\u0131sa bir s\u00fcre sonra, ABD&#8217;li yetkililerin \u0130ran sava\u015f\u0131 g\u00f6r\u00fc\u015fmeleri i\u00e7in Pakistan&#8217;a yapmay\u0131 planlad\u0131\u011f\u0131 geziyi Cumartesi g\u00fcn\u00fc iptal etti. ABD Ba\u015fkan\u0131, \u00f6zel temsilci Steve Witkoff ve damad\u0131 Jared Kushner&#8217;in &#8220;\u00e7ok fazla zaman&#8221; harcayaca\u011f\u0131n\u0131 belirterek, \u0130ran&#8217;\u0131n konu\u015fmak istemesi halinde &#8220;tek yapmalar\u0131 gerekenin aramak oldu\u011funu&#8221; ekledi. Daha \u00f6nce, \u0130ran D\u0131\u015fi\u015fleri Bakan\u0131 Abbas [&hellip;]<\/p>\n","protected":false},"author":2,"featured_media":10084,"comment_status":"open","ping_status":"open","sticky":false,"template":"","format":"standard","meta":{"footnotes":""},"categories":[37],"tags":[],"class_list":["post-10083","post","type-post","status-publish","format-standard","has-post-thumbnail","hentry","category-orta-dogu-haberleri"],"_links":{"self":[{"href":"https:\/\/fajr.news\/index.php?rest_route=\/wp\/v2\/posts\/10083","targetHints":{"allow":["GET"]}}],"collection":[{"href":"https:\/\/fajr.news\/index.php?rest_route=\/wp\/v2\/posts"}],"about":[{"href":"https:\/\/fajr.news\/index.php?rest_route=\/wp\/v2\/types\/post"}],"author":[{"embeddable":true,"href":"https:\/\/fajr.news\/index.php?rest_route=\/wp\/v2\/users\/2"}],"replies":[{"embeddable":true,"href":"https:\/\/fajr.news\/index.php?rest_route=%2Fwp%2Fv2%2Fcomments&post=10083"}],"version-history":[{"count":0,"href":"https:\/\/fajr.news\/index.php?rest_route=\/wp\/v2\/posts\/10083\/revisions"}],"wp:featuredmedia":[{"embeddable":true,"href":"https:\/\/fajr.news\/index.php?rest_route=\/wp\/v2\/media\/10084"}],"wp:attachment":[{"href":"https:\/\/fajr.news\/index.php?rest_route=%2Fwp%2Fv2%2Fmedia&parent=10083"}],"wp:term":[{"taxonomy":"category","embeddable":true,"href":"https:\/\/fajr.news\/index.php?rest_route=%2Fwp%2Fv2%2Fcategories&post=10083"},{"taxonomy":"post_tag","embeddable":true,"href":"https:\/\/fajr.news\/index.php?rest_route=%2Fwp%2Fv2%2Ftags&post=10083"}],"curies":[{"name":"wp","href":"https:\/\/api.w.org\/{rel}","templated":true}]}}