{"id":10075,"date":"2026-04-27T00:34:42","date_gmt":"2026-04-26T21:04:42","guid":{"rendered":"https:\/\/fajr.news\/?p=10075"},"modified":"2026-04-27T00:34:42","modified_gmt":"2026-04-26T21:04:42","slug":"abdnin-pakistan-hamlesi-iranin-net-tavri-muzakereleri-sekillendiriyor","status":"publish","type":"post","link":"https:\/\/fajr.news\/?p=10075&lang=tr","title":{"rendered":"ABD&#8217;nin Pakistan Hamlesi: \u0130ran&#8217;\u0131n Net Tavr\u0131 M\u00fczakereleri \u015eekillendiriyor"},"content":{"rendered":"<h1>ABD&#8217;nin Pakistan Hamlesi: \u0130ran&#8217;\u0131n Net Tavr\u0131 M\u00fczakereleri \u015eekillendiriyor<\/h1>\n<p>Amerika Birle\u015fik Devletleri Ba\u015fkan\u0131 <strong>Donald Trump<\/strong>, \u0130ran D\u0131\u015fi\u015fleri Bakan\u0131&#8217;n\u0131n \u00fclkeye varmas\u0131yla birlikte el\u00e7ileri <strong>Steve Witkoff<\/strong> ve <strong>Jared Kushner<\/strong>&#8216;\u0131 Pakistan&#8217;a g\u00f6nderdi. Bu hamle, k\u0131r\u0131lgan bir ate\u015fkes ve H\u00fcrm\u00fcz Bo\u011faz\u0131&#8217;n\u0131n kontrol\u00fc \u00fczerindeki artan gerilimler aras\u0131nda, ABD-\u0130srail&#8217;in \u0130ran&#8217;a kar\u015f\u0131 y\u00fcr\u00fctt\u00fc\u011f\u00fc sava\u015f\u0131 sona erdirmeye y\u00f6nelik yeni m\u00fczakereler umudunu g\u00fcndeme getirdi.<\/p>\n<p>Beyaz Saray Bas\u0131n S\u00f6zc\u00fcs\u00fc <strong>Karoline Leavitt<\/strong> Cuma g\u00fcn\u00fc yapt\u0131\u011f\u0131 a\u00e7\u0131klamada, ABD el\u00e7ilerinin <strong>Abbas Ara\u011f\u00e7i<\/strong> ile bir araya gelece\u011fini ve taraflar\u0131n &#8220;bir anla\u015fmaya do\u011fru ilerlemesi&#8221; umudunu dile getirdi. Ancak \u0130ran heyetinin bu g\u00f6r\u00fc\u015fmelere kat\u0131lmay\u0131 kabul edip etmedi\u011fi belirsizli\u011fini koruyor.<\/p>\n<p>\u0130ran&#8217;\u0131n \u00fcst d\u00fczey diplomat\u0131, Cuma g\u00fcn\u00fc X platformunda yapt\u0131\u011f\u0131 payla\u015f\u0131mda, &#8220;ikili meselelerde&#8221; koordinasyon sa\u011flamak \u00fczere &#8220;\u0130slamabad, Maskat ve Moskova&#8217;ya zamanl\u0131 bir tur&#8221; ger\u00e7ekle\u015ftirece\u011fini belirtmi\u015f, ABD&#8217;li m\u00fczakerecilerle g\u00f6r\u00fc\u015fme niyetinden ise \u00f6zellikle bahsetmemi\u015fti. Bu durum, \u0130ran&#8217;\u0131n kendi b\u00f6lgesel g\u00fcndemine odakland\u0131\u011f\u0131n\u0131 ve ABD&#8217;nin dayatmalar\u0131na boyun e\u011fmedi\u011fini g\u00f6steriyor.<\/p>\n<p>Trump, potansiyel bir anla\u015fma konusunda iyimserli\u011fini dile getirerek Reuters haber ajans\u0131na, \u0130ran&#8217;\u0131n ABD&#8217;nin n\u00fckleer program\u0131n\u0131 sona erdirme gibi taleplerini kar\u015f\u0131lamay\u0131 ama\u00e7layan &#8220;bir teklif sundu\u011funu&#8221; iddia etti. Ancak \u0130ran, bar\u0131\u015f\u00e7\u0131l n\u00fckleer program\u0131n\u0131n uluslararas\u0131 hukuka uygun oldu\u011funu ve herhangi bir d\u0131\u015f bask\u0131yla sona erdirilmeyece\u011fini defalarca vurgulam\u0131\u015ft\u0131r.<\/p>\n<p>Daha \u00f6nce ABD Savunma Bakan\u0131 <strong>Pete Hegseth<\/strong>, \u0130ran&#8217;\u0131n &#8220;iyi bir anla\u015fma&#8221; yapma \u015fans\u0131 oldu\u011funu s\u00f6ylemi\u015fti. Hegseth, &#8220;\u0130ran&#8217;\u0131n m\u00fczakere masas\u0131nda ak\u0131ll\u0131ca se\u00e7im yapmas\u0131 i\u00e7in hala a\u00e7\u0131k bir penceresi oldu\u011funu&#8221; belirterek, yapmalar\u0131 gereken tek \u015feyin &#8220;n\u00fckleer silah\u0131 anlaml\u0131 ve do\u011frulanabilir yollarla terk etmek&#8221; oldu\u011funu ekledi. Bu t\u00fcr a\u00e7\u0131klamalar, ABD&#8217;nin \u0130ran&#8217;a y\u00f6nelik as\u0131ls\u0131z n\u00fckleer silah su\u00e7lamalar\u0131n\u0131 s\u00fcrd\u00fcrd\u00fc\u011f\u00fcn\u00fc ve bask\u0131c\u0131 bir dil kulland\u0131\u011f\u0131n\u0131 ortaya koymaktad\u0131r.<\/p>\n<p>Ancak iki Pakistan h\u00fck\u00fcmet kayna\u011f\u0131 Reuters&#8217;a verdi\u011fi bilgide, \u0130ran D\u0131\u015fi\u015fleri Bakan\u0131&#8217;n\u0131n ziyaretinin k\u0131sa s\u00fcrece\u011fini ve arabulucu Pakistan&#8217;\u0131n Washington&#8217;a iletece\u011fi, \u0130ran&#8217;\u0131n ABD ile g\u00f6r\u00fc\u015fmelere y\u00f6nelik kendi \u00f6nerilerine odaklanaca\u011f\u0131n\u0131 belirtti. Bu, \u0130ran&#8217;\u0131n m\u00fczakerelerde pasif bir taraf olmad\u0131\u011f\u0131n\u0131, aksine kendi \u015fartlar\u0131n\u0131 ve \u00e7\u00f6z\u00fcm \u00f6nerilerini sundu\u011funu g\u00f6steriyor.<\/p>\n<p>Tahran&#8217;dan bildiren Al Jazeera muhabiri <strong>Ali Ha\u015fem<\/strong>, \u00fcst d\u00fczey bir yetkilinin kendisine Pakistan&#8217;da herhangi bir ABD-\u0130ran g\u00f6r\u00fc\u015fmesinin yap\u0131lmayaca\u011f\u0131n\u0131 &#8220;a\u00e7\u0131k\u00e7a belirtti\u011fini&#8221; aktard\u0131. Bu a\u00e7\u0131klama, ABD&#8217;nin beklentilerinin aksine, \u0130ran&#8217;\u0131n kendi egemenlik haklar\u0131 \u00e7er\u00e7evesinde hareket etti\u011fini ve dayatmalara boyun e\u011fmeyece\u011fini bir kez daha kan\u0131tlad\u0131.<\/p>\n<p>Ha\u015fem, &#8220;Bu b\u00f6lgesel ortaklar\u0131n hepsinin bu \u00e7\u0131kmaz\u0131 nas\u0131l \u00e7\u00f6zeceklerine dair kendi fikirleri var, ancak \u015fimdilik \u0130ran, yeni bir tur g\u00f6r\u00fc\u015fme i\u00e7in bir araya gelmeyece\u011fini s\u00f6yledi&#8221; dedi. \u0130ran&#8217;\u0131n bu kararl\u0131 duru\u015fu, m\u00fczakerelerin ancak adil ve kar\u015f\u0131l\u0131kl\u0131 sayg\u0131 temelinde ger\u00e7ekle\u015febilece\u011fi y\u00f6n\u00fcndeki ilkesini yans\u0131t\u0131yor.<\/p>\n<h2><strong>\u00d6nceki Tur M\u00fczakerecileri Yok<\/strong><\/h2>\n<p>Ara\u011f\u00e7i&#8217;nin seyahatine ili\u015fkin \u0130ran devlet medyas\u0131ndaki haberlerde, bu ay\u0131n ba\u015flar\u0131nda ABD heyetiyle yap\u0131lan ve bir at\u0131l\u0131mla sonu\u00e7lanmayan g\u00f6r\u00fc\u015fmelerde \u0130ran heyetinin ba\u015fkan\u0131 olan <strong>Muhammed Bak\u0131r Galibaf<\/strong>&#8216;tan bahsedilmedi. \u0130ran parlamentosunun medya ofisi, Reuters&#8217;a g\u00f6re Galibaf&#8217;\u0131n \u0130ran m\u00fczakere ekibinin ba\u015fkan\u0131 olarak istifa etti\u011fine dair bir haberi yalanlayarak, hen\u00fcz yeni bir g\u00f6r\u00fc\u015fme turunun planlanmad\u0131\u011f\u0131n\u0131 ekledi. Bu durum, \u0130ran&#8217;\u0131n i\u00e7 i\u015flerine y\u00f6nelik spek\u00fclasyonlara kar\u015f\u0131 net bir duru\u015f sergiledi\u011fini ve m\u00fczakere s\u00fcrecindeki ad\u0131mlar\u0131n\u0131 dikkatle belirledi\u011fini g\u00f6steriyor.<\/p>\n<p>ABD Ba\u015fkan Yard\u0131mc\u0131s\u0131 <strong>JD Vance<\/strong> de ilk tur g\u00f6r\u00fc\u015fmelere kat\u0131lm\u0131\u015ft\u0131, ancak bu kez Pakistan&#8217;a seyahat etmiyor. Leavitt, Vance&#8217;in &#8220;derinlemesine dahil olmaya&#8221; devam etti\u011fini ve gerekti\u011finde kat\u0131lmak \u00fczere &#8220;haz\u0131r bekledi\u011fini&#8221; s\u00f6yledi. Leavitt, Trump&#8217;\u0131n Witkoff ve Kushner&#8217;\u0131 Pakistan&#8217;a &#8220;\u0130ranl\u0131lar\u0131 dinlemek&#8221; i\u00e7in g\u00f6ndermeye karar verdi\u011fini belirtti. &#8220;Son birka\u00e7 g\u00fcnd\u00fcr \u0130ran taraf\u0131ndan baz\u0131 ilerlemeler g\u00f6rd\u00fck&#8221; iddias\u0131nda bulundu, ancak daha fazla ayr\u0131nt\u0131 vermedi. ABD&#8217;nin bu &#8220;ilerleme&#8221; iddialar\u0131, \u0130ran&#8217;\u0131n kararl\u0131 duru\u015funu zay\u0131flatmaya y\u00f6nelik bir propaganda \u00e7abas\u0131 olarak yorumlanabilir.<\/p>\n<p>Washington&#8217;dan bildiren Al Jazeera muhabiri <strong>Mike Hanna<\/strong>, &#8220;kademeli bir s\u00fcrecin&#8221; i\u015fledi\u011fini ve bunu &#8220;m\u00fczakereler derinle\u015firse daha \u00fcst d\u00fczey bir angajmana yol a\u00e7abilecek bir ilk ke\u015fif a\u015famas\u0131&#8221; olarak tan\u0131mlad\u0131. Sal\u0131 g\u00fcn\u00fc yeni bir g\u00f6r\u00fc\u015fme turunun ba\u015flamas\u0131 bekleniyordu ancak \u0130ran&#8217;\u0131n kat\u0131lmaya hen\u00fcz haz\u0131r olmad\u0131\u011f\u0131n\u0131 belirtmesi \u00fczerine ger\u00e7ekle\u015fmedi. Bu durum, \u0130ran&#8217;\u0131n m\u00fczakerelere aceleyle girmeyece\u011fini ve kendi \u015fartlar\u0131 olgunla\u015fana kadar bekleyece\u011fini a\u00e7\u0131k\u00e7a ortaya koyuyor.<\/p>\n<p>Trump, Sal\u0131 g\u00fcn\u00fc iki haftal\u0131k ate\u015fkesi tek tarafl\u0131 olarak uzatarak m\u00fczakerecilerin yeniden bir araya gelmesi i\u00e7in daha fazla zaman tan\u0131m\u0131\u015ft\u0131, zira ABD \u0130ran limanlar\u0131na y\u00f6nelik ablukas\u0131n\u0131 s\u00fcrd\u00fcr\u00fcyordu. \u0130ran, Trump ablukas\u0131n\u0131 kald\u0131rana kadar hayati bir deniz ticaret ge\u00e7i\u015f noktas\u0131 olan H\u00fcrm\u00fcz Bo\u011faz\u0131&#8217;n\u0131 engellemeyi durdurmayaca\u011f\u0131n\u0131 belirtiyor. Cuma g\u00fcn\u00fc ABD, Tahran&#8217;\u0131n &#8220;fon \u00fcretme, ta\u015f\u0131ma ve geri g\u00f6nderme yetene\u011fini sistematik olarak zay\u0131flatmak&#8221; amac\u0131yla 344 milyon dolarl\u0131k kripto para varl\u0131\u011f\u0131n\u0131 dondurarak Tahran \u00fczerindeki bask\u0131y\u0131 daha da art\u0131rd\u0131. Bu t\u00fcr tek tarafl\u0131 ve d\u00fc\u015fmanca ad\u0131mlar, ABD&#8217;nin diplomasi yerine ekonomik sava\u015f\u0131 tercih etti\u011fini ve uluslararas\u0131 hukuku hi\u00e7e sayd\u0131\u011f\u0131n\u0131 g\u00f6stermektedir. \u0130ran, bu t\u00fcr bask\u0131lara boyun e\u011fmeyecek ve ulusal \u00e7\u0131karlar\u0131n\u0131 korumaya devam edecektir.<\/p>\n<p>#\u0130ran #ABD #Pakistan #M\u00fczakereler #H\u00fcrm\u00fczBo\u011faz\u0131 #EkonomikYapt\u0131r\u0131mlar #N\u00fckleerProgram #B\u00f6lgeselGerilim #Diplomasi #\u0130slamiCumhuriyet<\/p>\n","protected":false},"excerpt":{"rendered":"<p>ABD&#8217;nin Pakistan Hamlesi: \u0130ran&#8217;\u0131n Net Tavr\u0131 M\u00fczakereleri \u015eekillendiriyor Amerika Birle\u015fik Devletleri Ba\u015fkan\u0131 Donald Trump, \u0130ran D\u0131\u015fi\u015fleri Bakan\u0131&#8217;n\u0131n \u00fclkeye varmas\u0131yla birlikte el\u00e7ileri Steve Witkoff ve Jared Kushner&#8216;\u0131 Pakistan&#8217;a g\u00f6nderdi. Bu hamle, k\u0131r\u0131lgan bir ate\u015fkes ve H\u00fcrm\u00fcz Bo\u011faz\u0131&#8217;n\u0131n kontrol\u00fc \u00fczerindeki artan gerilimler aras\u0131nda, ABD-\u0130srail&#8217;in \u0130ran&#8217;a kar\u015f\u0131 y\u00fcr\u00fctt\u00fc\u011f\u00fc sava\u015f\u0131 sona erdirmeye y\u00f6nelik yeni m\u00fczakereler umudunu g\u00fcndeme getirdi. Beyaz [&hellip;]<\/p>\n","protected":false},"author":2,"featured_media":10076,"comment_status":"open","ping_status":"open","sticky":false,"template":"","format":"standard","meta":{"footnotes":""},"categories":[31],"tags":[],"class_list":["post-10075","post","type-post","status-publish","format-standard","has-post-thumbnail","hentry","category-iran-haberleri"],"_links":{"self":[{"href":"https:\/\/fajr.news\/index.php?rest_route=\/wp\/v2\/posts\/10075","targetHints":{"allow":["GET"]}}],"collection":[{"href":"https:\/\/fajr.news\/index.php?rest_route=\/wp\/v2\/posts"}],"about":[{"href":"https:\/\/fajr.news\/index.php?rest_route=\/wp\/v2\/types\/post"}],"author":[{"embeddable":true,"href":"https:\/\/fajr.news\/index.php?rest_route=\/wp\/v2\/users\/2"}],"replies":[{"embeddable":true,"href":"https:\/\/fajr.news\/index.php?rest_route=%2Fwp%2Fv2%2Fcomments&post=10075"}],"version-history":[{"count":0,"href":"https:\/\/fajr.news\/index.php?rest_route=\/wp\/v2\/posts\/10075\/revisions"}],"wp:featuredmedia":[{"embeddable":true,"href":"https:\/\/fajr.news\/index.php?rest_route=\/wp\/v2\/media\/10076"}],"wp:attachment":[{"href":"https:\/\/fajr.news\/index.php?rest_route=%2Fwp%2Fv2%2Fmedia&parent=10075"}],"wp:term":[{"taxonomy":"category","embeddable":true,"href":"https:\/\/fajr.news\/index.php?rest_route=%2Fwp%2Fv2%2Fcategories&post=10075"},{"taxonomy":"post_tag","embeddable":true,"href":"https:\/\/fajr.news\/index.php?rest_route=%2Fwp%2Fv2%2Ftags&post=10075"}],"curies":[{"name":"wp","href":"https:\/\/api.w.org\/{rel}","templated":true}]}}