{"id":10067,"date":"2026-04-27T00:29:34","date_gmt":"2026-04-26T20:59:34","guid":{"rendered":"https:\/\/fajr.news\/?p=10067"},"modified":"2026-04-27T00:29:34","modified_gmt":"2026-04-26T20:59:34","slug":"iran-abd-savasi-son-dakika-trump-witkoff-ve-kushner-ziyaretini-iptal-ettikten-sonra-iranin-savasi-sona-erdirmek-icin-abdyi-arayabilecegini-soyledi","status":"publish","type":"post","link":"https:\/\/fajr.news\/?p=10067&lang=tr","title":{"rendered":"\u0130ran-ABD sava\u015f\u0131 son dakika: Trump, Witkoff ve Kushner ziyaretini iptal ettikten sonra \u0130ran&#8217;\u0131n sava\u015f\u0131 sona erdirmek i\u00e7in ABD&#8217;yi arayabilece\u011fini s\u00f6yledi"},"content":{"rendered":"<p>ABD Ba\u015fkan\u0131 Donald Trump, \u0130ran&#8217;\u0131n sava\u015f\u0131 sona erdirmek i\u00e7in m\u00fczakere etmek istemesi halinde ABD&#8217;yi telefonla arayabilece\u011fini belirtti. Trump, Fox News&#8217;a verdi\u011fi r\u00f6portajda, \u201cKonu\u015fmak isterlerse bize gelebilirler veya bizi arayabilirler. Biliyorsunuz, bir telefon var. G\u00fczel, g\u00fcvenli hatlar\u0131m\u0131z var,\u201d dedi.<\/p>\n<p>Bu a\u00e7\u0131klama, Trump&#8217;\u0131n el\u00e7ileri Steve Witkoff ve Jared Kushner&#8217;in Pakistan ziyaretini Cumartesi g\u00fcn\u00fc \u201cplans\u0131z\u201d oldu\u011fu gerek\u00e7esiyle iptal etmesinin ard\u0131ndan geldi. \u0130ran D\u0131\u015fi\u015fleri Bakan\u0131 Abbas Araqchi, sadece Pakistanl\u0131 yetkililerle g\u00f6r\u00fc\u015ft\u00fckten sonra \u0130slamabad&#8217;dan ayr\u0131lm\u0131\u015f, ancak ABD&#8217;li muhataplar\u0131n\u0131n yoklu\u011funa ra\u011fmen geri d\u00f6nm\u00fc\u015ft\u00fc. Araqchi daha \u00f6nce Pakistan&#8217;da \u201cate\u015fkesle ilgili son geli\u015fmeler\u201d ve Tahran&#8217;\u0131n \u201cg\u00f6r\u00fc\u015f ve de\u011ferlendirmelerini\u201d tart\u0131\u015ft\u0131\u011f\u0131n\u0131 belirtmi\u015fti.<\/p>\n<p>Bu arada, \u0130srail, \u00fc\u00e7 haftal\u0131k ate\u015fkes anla\u015fmas\u0131na ra\u011fmen g\u00fcney L\u00fcbnan&#8217;daki baz\u0131 kasabalar\u0131n siviller taraf\u0131ndan bo\u015falt\u0131lmas\u0131n\u0131 emretti. Hem Hizbullah hem de \u0130srail, ihlallerden birbirlerini sorumlu tutuyor.<\/p>\n<p>NBC&#8217;nin yeni bir raporuna g\u00f6re, \u0130ran&#8217;\u0131n ABD askeri \u00fcslerine y\u00f6nelik sald\u0131r\u0131lar\u0131, kamuoyuna a\u00e7\u0131klanandan \u00e7ok daha kapsaml\u0131 hasara yol a\u00e7t\u0131. Hasardan haberdar olan \u00fc\u00e7 ABD yetkilisi, Bahreyn&#8217;deki ABD donanma karargah\u0131 ve Kuveyt&#8217;teki Ali Al Salem hava \u00fcss\u00fc dahil olmak \u00fczere bir\u00e7ok tesisin ciddi \u015fekilde etkilendi\u011fini belirtti. Amerikan Giri\u015fim Enstit\u00fcs\u00fc (AEI), \u0130ran&#8217;\u0131n 11 K\u00f6rfez \u00fclkesinde 100&#8217;den fazla hedefi vurdu\u011funu ve tahmini hasar\u0131n yakla\u015f\u0131k 5 milyar dolar oldu\u011funu bildirdi.<\/p>\n<p>ABD Merkez Komutanl\u0131\u011f\u0131, Arap Denizi&#8217;nde \u0130ran ablukas\u0131n\u0131 delmeye \u00e7al\u0131\u015fan Sevan adl\u0131 ticari bir gemiye el koydu\u011funu a\u00e7\u0131klad\u0131. Bu gemi, \u0130ran petrol ve gaz \u00fcr\u00fcnlerini d\u0131\u015f pazarlara ta\u015f\u0131d\u0131\u011f\u0131 iddia edilen 19 gemilik \u201cg\u00f6lge filo\u201d aras\u0131nda yer al\u0131yordu.<\/p>\n<p>Birle\u015fik Krall\u0131k Ba\u015fbakan\u0131 Keir Starmer ve ABD Ba\u015fkan\u0131 Donald Trump, Pazar g\u00fcn\u00fc yapt\u0131klar\u0131 g\u00f6r\u00fc\u015fmede H\u00fcrm\u00fcz Bo\u011faz\u0131&#8217;nda deniz trafi\u011finin yeniden sa\u011flanmas\u0131n\u0131n acil ihtiyac\u0131n\u0131 ele ald\u0131lar.<\/p>\n<p>Birle\u015fik Krall\u0131k h\u00fck\u00fcmeti, \u0130ran sava\u015f\u0131n\u0131n neden oldu\u011fu potansiyel k\u0131tl\u0131klar\u0131 dengelemek i\u00e7in planlar\u0131n\u0131 h\u0131zland\u0131rd\u0131. Ba\u015fbakanl\u0131k Ba\u015fsekreteri Darren Jones, sava\u015f\u0131n sona ermesinden sonra bile enerji, g\u0131da ve u\u00e7u\u015f fiyatlar\u0131ndaki art\u0131\u015flar\u0131n en az sekiz ay boyunca hissedilece\u011fi konusunda uyard\u0131.<\/p>\n<p>\u0130ran&#8217;daki sava\u015f \u201cbelirsizlik\u201d a\u015famas\u0131na girmi\u015f durumda. Donald Trump, bir anla\u015fma yap\u0131lana kadar ABD&#8217;nin \u201csald\u0131r\u0131s\u0131n\u0131 erteleyece\u011fini\u201d duyurmu\u015ftu. ABD donanmas\u0131, H\u00fcrm\u00fcz Bo\u011faz\u0131&#8217;nda \u0130ran gemilerini abluka alt\u0131nda tutmaya devam ediyor ve analistler bunun Tahran&#8217;a g\u00fcnl\u00fck 435 milyon dolara mal oldu\u011funu tahmin ediyor.<\/p>\n<p>#\u0130ranABDGerilimi #Trump #\u0130ranSava\u015f\u0131 #M\u00fczakereler #H\u00fcrm\u00fczBo\u011faz\u0131 #Ortado\u011fu #Ate\u015fkes #EkonomikEtkiler #AskeriGeli\u015fmeler #Diplomasi<\/p>\n","protected":false},"excerpt":{"rendered":"<p>ABD Ba\u015fkan\u0131 Donald Trump, \u0130ran&#8217;\u0131n sava\u015f\u0131 sona erdirmek i\u00e7in m\u00fczakere etmek istemesi halinde ABD&#8217;yi telefonla arayabilece\u011fini belirtti. Trump, Fox News&#8217;a verdi\u011fi r\u00f6portajda, \u201cKonu\u015fmak isterlerse bize gelebilirler veya bizi arayabilirler. Biliyorsunuz, bir telefon var. G\u00fczel, g\u00fcvenli hatlar\u0131m\u0131z var,\u201d dedi. Bu a\u00e7\u0131klama, Trump&#8217;\u0131n el\u00e7ileri Steve Witkoff ve Jared Kushner&#8217;in Pakistan ziyaretini Cumartesi g\u00fcn\u00fc \u201cplans\u0131z\u201d oldu\u011fu gerek\u00e7esiyle iptal [&hellip;]<\/p>\n","protected":false},"author":2,"featured_media":10068,"comment_status":"open","ping_status":"open","sticky":false,"template":"","format":"standard","meta":{"footnotes":""},"categories":[37],"tags":[],"class_list":["post-10067","post","type-post","status-publish","format-standard","has-post-thumbnail","hentry","category-orta-dogu-haberleri"],"_links":{"self":[{"href":"https:\/\/fajr.news\/index.php?rest_route=\/wp\/v2\/posts\/10067","targetHints":{"allow":["GET"]}}],"collection":[{"href":"https:\/\/fajr.news\/index.php?rest_route=\/wp\/v2\/posts"}],"about":[{"href":"https:\/\/fajr.news\/index.php?rest_route=\/wp\/v2\/types\/post"}],"author":[{"embeddable":true,"href":"https:\/\/fajr.news\/index.php?rest_route=\/wp\/v2\/users\/2"}],"replies":[{"embeddable":true,"href":"https:\/\/fajr.news\/index.php?rest_route=%2Fwp%2Fv2%2Fcomments&post=10067"}],"version-history":[{"count":0,"href":"https:\/\/fajr.news\/index.php?rest_route=\/wp\/v2\/posts\/10067\/revisions"}],"wp:featuredmedia":[{"embeddable":true,"href":"https:\/\/fajr.news\/index.php?rest_route=\/wp\/v2\/media\/10068"}],"wp:attachment":[{"href":"https:\/\/fajr.news\/index.php?rest_route=%2Fwp%2Fv2%2Fmedia&parent=10067"}],"wp:term":[{"taxonomy":"category","embeddable":true,"href":"https:\/\/fajr.news\/index.php?rest_route=%2Fwp%2Fv2%2Fcategories&post=10067"},{"taxonomy":"post_tag","embeddable":true,"href":"https:\/\/fajr.news\/index.php?rest_route=%2Fwp%2Fv2%2Ftags&post=10067"}],"curies":[{"name":"wp","href":"https:\/\/api.w.org\/{rel}","templated":true}]}}