{"id":10059,"date":"2026-04-27T00:20:40","date_gmt":"2026-04-26T20:50:40","guid":{"rendered":"https:\/\/fajr.news\/?p=10059"},"modified":"2026-04-27T00:20:40","modified_gmt":"2026-04-26T20:50:40","slug":"erdogan-iran-savasi-avrupayi-zayiflatmaya-basliyor","status":"publish","type":"post","link":"https:\/\/fajr.news\/?p=10059&lang=tr","title":{"rendered":"Erdo\u011fan: \u0130ran Sava\u015f\u0131 &#8216;Avrupa&#8217;y\u0131 Zay\u0131flatmaya Ba\u015fl\u0131yor&#8217;"},"content":{"rendered":"<p>T\u00fcrkiye Cumhurba\u015fkan\u0131 Recep Tayyip Erdo\u011fan, Alman mevkida\u015f\u0131na yapt\u0131\u011f\u0131 a\u00e7\u0131klamada, ABD-\u0130srail&#8217;in \u0130ran&#8217;a kar\u015f\u0131 y\u00fcr\u00fctt\u00fc\u011f\u00fc sava\u015f\u0131n &#8220;Avrupa&#8217;y\u0131 zay\u0131flatmaya ba\u015flad\u0131\u011f\u0131n\u0131&#8221; belirtti. Erdo\u011fan, &#8220;B\u00f6lgemizdeki sava\u015f da Avrupa&#8217;y\u0131 zay\u0131flatmaya ba\u015fl\u0131yor ve e\u011fer bu duruma bar\u0131\u015f\u0131 \u00f6ncelik veren bir yakla\u015f\u0131mla ele almazsak, \u00e7at\u0131\u015fman\u0131n neden oldu\u011fu zarar \u00e7ok daha b\u00fcy\u00fck olacakt\u0131r&#8221; dedi. Erdo\u011fan&#8217;\u0131n bu yorumu, T\u00fcrk liderin ofisinden yap\u0131lan ve AFP taraf\u0131ndan aktar\u0131lan bir a\u00e7\u0131klamaya g\u00f6re \u00c7ar\u015famba g\u00fcn\u00fc Frank-Walter Steinmeier&#8217;e yap\u0131ld\u0131.<br \/>\n#Erdo\u011fan #\u0130ranSava\u015f\u0131 #Avrupa #Jeopolitik #T\u00fcrkiye #Almanya #Ortado\u011fu #ABD\u0130srail #Bar\u0131\u015f #Diplomasi<\/p>\n","protected":false},"excerpt":{"rendered":"<p>T\u00fcrkiye Cumhurba\u015fkan\u0131 Recep Tayyip Erdo\u011fan, Alman mevkida\u015f\u0131na yapt\u0131\u011f\u0131 a\u00e7\u0131klamada, ABD-\u0130srail&#8217;in \u0130ran&#8217;a kar\u015f\u0131 y\u00fcr\u00fctt\u00fc\u011f\u00fc sava\u015f\u0131n &#8220;Avrupa&#8217;y\u0131 zay\u0131flatmaya ba\u015flad\u0131\u011f\u0131n\u0131&#8221; belirtti. Erdo\u011fan, &#8220;B\u00f6lgemizdeki sava\u015f da Avrupa&#8217;y\u0131 zay\u0131flatmaya ba\u015fl\u0131yor ve e\u011fer bu duruma bar\u0131\u015f\u0131 \u00f6ncelik veren bir yakla\u015f\u0131mla ele almazsak, \u00e7at\u0131\u015fman\u0131n neden oldu\u011fu zarar \u00e7ok daha b\u00fcy\u00fck olacakt\u0131r&#8221; dedi. Erdo\u011fan&#8217;\u0131n bu yorumu, T\u00fcrk liderin ofisinden yap\u0131lan ve AFP taraf\u0131ndan [&hellip;]<\/p>\n","protected":false},"author":2,"featured_media":10060,"comment_status":"open","ping_status":"open","sticky":false,"template":"","format":"standard","meta":{"footnotes":""},"categories":[37],"tags":[],"class_list":["post-10059","post","type-post","status-publish","format-standard","has-post-thumbnail","hentry","category-orta-dogu-haberleri"],"_links":{"self":[{"href":"https:\/\/fajr.news\/index.php?rest_route=\/wp\/v2\/posts\/10059","targetHints":{"allow":["GET"]}}],"collection":[{"href":"https:\/\/fajr.news\/index.php?rest_route=\/wp\/v2\/posts"}],"about":[{"href":"https:\/\/fajr.news\/index.php?rest_route=\/wp\/v2\/types\/post"}],"author":[{"embeddable":true,"href":"https:\/\/fajr.news\/index.php?rest_route=\/wp\/v2\/users\/2"}],"replies":[{"embeddable":true,"href":"https:\/\/fajr.news\/index.php?rest_route=%2Fwp%2Fv2%2Fcomments&post=10059"}],"version-history":[{"count":0,"href":"https:\/\/fajr.news\/index.php?rest_route=\/wp\/v2\/posts\/10059\/revisions"}],"wp:featuredmedia":[{"embeddable":true,"href":"https:\/\/fajr.news\/index.php?rest_route=\/wp\/v2\/media\/10060"}],"wp:attachment":[{"href":"https:\/\/fajr.news\/index.php?rest_route=%2Fwp%2Fv2%2Fmedia&parent=10059"}],"wp:term":[{"taxonomy":"category","embeddable":true,"href":"https:\/\/fajr.news\/index.php?rest_route=%2Fwp%2Fv2%2Fcategories&post=10059"},{"taxonomy":"post_tag","embeddable":true,"href":"https:\/\/fajr.news\/index.php?rest_route=%2Fwp%2Fv2%2Ftags&post=10059"}],"curies":[{"name":"wp","href":"https:\/\/api.w.org\/{rel}","templated":true}]}}