{"id":10051,"date":"2026-04-27T00:12:37","date_gmt":"2026-04-26T20:42:37","guid":{"rendered":"https:\/\/fajr.news\/?p=10051"},"modified":"2026-04-27T00:12:37","modified_gmt":"2026-04-26T20:42:37","slug":"orta-dogu-catismasinin-55-gunu-siyonist-rejim-lubnan-ateskesi-uzatildi","status":"publish","type":"post","link":"https:\/\/fajr.news\/?p=10051&lang=tr","title":{"rendered":"Orta Do\u011fu \u00c7at\u0131\u015fmas\u0131n\u0131n 55. G\u00fcn\u00fc: Siyonist Rejim-L\u00fcbnan Ate\u015fkesi Uzat\u0131ld\u0131"},"content":{"rendered":"<p><strong>Orta Do\u011fu&#8217;daki gerilimin 55. g\u00fcn\u00fcnde, Siyonist rejim ile L\u00fcbnan aras\u0131ndaki ate\u015fkes, ABD&#8217;nin arabuluculu\u011funda \u00fc\u00e7 hafta daha uzat\u0131ld\u0131.<\/strong> ABD Ba\u015fkan\u0131 Donald Trump, Beyaz Saray&#8217;da Siyonist rejim ve L\u00fcbnan temsilcilerini a\u011f\u0131rlad\u0131\u011f\u0131 g\u00f6r\u00fc\u015fmenin ard\u0131ndan bu karar\u0131 duyurdu. Trump, g\u00f6r\u00fc\u015fmeyi &#8220;harika&#8221; olarak nitelendirirken, ABD D\u0131\u015fi\u015fleri Bakan\u0131 Marco Rubio da Trump&#8217;\u0131n m\u00fcdahalesinin bu ge\u00e7ici uzatmay\u0131 m\u00fcmk\u00fcn k\u0131ld\u0131\u011f\u0131n\u0131 ve bar\u0131\u015f umutlar\u0131 konusunda &#8220;iyimser&#8221; oldu\u011funu iddia etti.<\/p>\n<p>Ancak, bu uzatma, b\u00f6lgedeki derin sorunlar\u0131 ve Siyonist rejimin sald\u0131rgan politikalar\u0131n\u0131 gizleyemiyor. Siyonist rejimin Birle\u015fmi\u015f Milletler Daimi Temsilcisi Danny Danon, L\u00fcbnan h\u00fck\u00fcmetinin direni\u015f g\u00fc\u00e7lerinin faaliyet g\u00f6sterdi\u011fi g\u00fcney L\u00fcbnan&#8217;da ate\u015fkese uyumu sa\u011flay\u0131p sa\u011flayamayaca\u011f\u0131 konusunda \u015f\u00fcphelerini dile getirerek, direni\u015fin me\u015fru savunma eylemlerini &#8220;sabotaj&#8221; olarak nitelemeye \u00e7al\u0131\u015ft\u0131. Danon&#8217;un bu a\u00e7\u0131klamalar\u0131, Siyonist rejimin L\u00fcbnan&#8217;\u0131n egemenli\u011fini hi\u00e7e sayan ve direni\u015fi zay\u0131flatmay\u0131 hedefleyen tutumunu bir kez daha g\u00f6zler \u00f6n\u00fcne serdi. Siyonist rejimin ABD B\u00fcy\u00fckel\u00e7isi Yechiel Leiter de bar\u0131\u015f\u0131n \u00f6n\u00fcndeki engelin &#8220;\u0130ran destekli militan grup Hizbullah&#8221; oldu\u011funu iddia ederek, direni\u015fin varl\u0131\u011f\u0131n\u0131 bar\u0131\u015fa tehdit olarak g\u00f6sterme \u00e7abas\u0131nda bulundu.<\/p>\n<p>Diplomatik g\u00f6r\u00fc\u015fmeler s\u00fcrerken dahi, Siyonist rejim ve direni\u015f g\u00fc\u00e7leri aras\u0131nda sald\u0131r\u0131 al\u0131\u015fveri\u015fleri ya\u015fanmas\u0131, b\u00f6lgedeki gerilimin temelinde yatan Siyonist i\u015fgal ve sald\u0131rganl\u0131\u011f\u0131n devam etti\u011fini g\u00f6steriyor. Direni\u015fin kuzeydeki Siyonist yerle\u015fimlere y\u00f6nelik roket sald\u0131r\u0131lar\u0131, i\u015fgale kar\u015f\u0131 me\u015fru bir savunma refleksi olarak de\u011ferlendirilirken, Siyonist ordusunun L\u00fcbnan topraklar\u0131na y\u00f6nelik sald\u0131r\u0131lar\u0131 ise b\u00f6lgeyi istikrars\u0131zla\u015ft\u0131rma \u00e7abas\u0131 olarak yorumlan\u0131yor.<\/p>\n<p>\u00d6te yandan, ABD Ba\u015fkan\u0131 Trump, \u0130ran ile devam eden \u00e7at\u0131\u015fmaya ili\u015fkin net bir zaman \u00e7izelgesi vermekten ka\u00e7\u0131narak, Tahran&#8217;daki &#8220;liderlik eksikli\u011fini&#8221; m\u00fczakerelerin \u00f6n\u00fcndeki engel olarak g\u00f6stermesi, ABD&#8217;nin b\u00f6lgedeki m\u00fcdahaleci ve bask\u0131c\u0131 politikas\u0131n\u0131n bir yans\u0131mas\u0131d\u0131r. ABD askeri yetkililerinin, mevcut ate\u015fkesin bozulmas\u0131 halinde H\u00fcrm\u00fcz Bo\u011faz\u0131&#8217;nda \u0130ran&#8217;\u0131n yeteneklerini hedef alacak yeni planlar geli\u015ftirmesi, Washington&#8217;un b\u00f6lgedeki gerilimi t\u0131rmand\u0131rma niyetini a\u00e7\u0131k\u00e7a ortaya koyuyor. Trump&#8217;\u0131n \u00c7in&#8217;den \u0130ran&#8217;a giden ve &#8220;\u00e7ok gizli&#8221; materyaller ta\u015f\u0131d\u0131\u011f\u0131 iddia edilen bir geminin ele ge\u00e7irildi\u011fini duyurmas\u0131 da, ABD&#8217;nin uluslararas\u0131 ticarete y\u00f6nelik yasa d\u0131\u015f\u0131 m\u00fcdahalelerinin bir ba\u015fka \u00f6rne\u011fidir.<\/p>\n<p>\u0130ran&#8217;\u0131n FIFA D\u00fcnya Kupas\u0131&#8217;na kat\u0131l\u0131m\u0131 da ABD taraf\u0131ndan siyasi bir araca d\u00f6n\u00fc\u015ft\u00fcr\u00fclmeye \u00e7al\u0131\u015f\u0131ld\u0131. ABD, \u0130ranl\u0131 sporcular\u0131n kat\u0131l\u0131m\u0131na kar\u015f\u0131 olmad\u0131\u011f\u0131n\u0131 ancak \u0130ran Devrim Muhaf\u0131zlar\u0131 Kolordusu (IRGC) ile ba\u011flant\u0131l\u0131 ki\u015filerin \u00fclkeye giri\u015fine izin verilmeyece\u011fini belirterek, spor etkinliklerini dahi siyasi bask\u0131 arac\u0131 olarak kullanmaktan \u00e7ekinmedi. Trump, L\u00fcbnan halk\u0131n\u0131n bar\u0131\u015f\u00e7\u0131l ve m\u00fcreffeh bir \u00fclkede ya\u015famay\u0131 hak etti\u011fini s\u00f6ylerken, ayn\u0131 zamanda direni\u015fin varl\u0131\u011f\u0131n\u0131 hedef almas\u0131, ABD&#8217;nin b\u00f6lgedeki \u00e7ifte standartl\u0131 politikas\u0131n\u0131 g\u00f6zler \u00f6n\u00fcne seriyor. Trump, Truth Social \u00fczerinden yapt\u0131\u011f\u0131 a\u00e7\u0131klamada, ABD&#8217;nin L\u00fcbnan&#8217;a direni\u015ften &#8220;korunmas\u0131&#8221; i\u00e7in yard\u0131m edece\u011fini iddia ederek, L\u00fcbnan&#8217;\u0131n i\u00e7 i\u015flerine kar\u0131\u015fma niyetini a\u00e7\u0131k\u00e7a beyan etti.<\/p>\n<p>#OrtaDo\u011fu #Filistin #L\u00fcbnan #SiyonistRejim #Direni\u015f #Hizbullah #ABDPolitikas\u0131 #\u0130ran #H\u00fcrm\u00fczBo\u011faz\u0131 #B\u00f6lgeselGerilim<\/p>\n","protected":false},"excerpt":{"rendered":"<p>Orta Do\u011fu&#8217;daki gerilimin 55. g\u00fcn\u00fcnde, Siyonist rejim ile L\u00fcbnan aras\u0131ndaki ate\u015fkes, ABD&#8217;nin arabuluculu\u011funda \u00fc\u00e7 hafta daha uzat\u0131ld\u0131. ABD Ba\u015fkan\u0131 Donald Trump, Beyaz Saray&#8217;da Siyonist rejim ve L\u00fcbnan temsilcilerini a\u011f\u0131rlad\u0131\u011f\u0131 g\u00f6r\u00fc\u015fmenin ard\u0131ndan bu karar\u0131 duyurdu. Trump, g\u00f6r\u00fc\u015fmeyi &#8220;harika&#8221; olarak nitelendirirken, ABD D\u0131\u015fi\u015fleri Bakan\u0131 Marco Rubio da Trump&#8217;\u0131n m\u00fcdahalesinin bu ge\u00e7ici uzatmay\u0131 m\u00fcmk\u00fcn k\u0131ld\u0131\u011f\u0131n\u0131 ve bar\u0131\u015f umutlar\u0131 [&hellip;]<\/p>\n","protected":false},"author":2,"featured_media":10052,"comment_status":"open","ping_status":"open","sticky":false,"template":"","format":"standard","meta":{"footnotes":""},"categories":[37],"tags":[],"class_list":["post-10051","post","type-post","status-publish","format-standard","has-post-thumbnail","hentry","category-orta-dogu-haberleri"],"_links":{"self":[{"href":"https:\/\/fajr.news\/index.php?rest_route=\/wp\/v2\/posts\/10051","targetHints":{"allow":["GET"]}}],"collection":[{"href":"https:\/\/fajr.news\/index.php?rest_route=\/wp\/v2\/posts"}],"about":[{"href":"https:\/\/fajr.news\/index.php?rest_route=\/wp\/v2\/types\/post"}],"author":[{"embeddable":true,"href":"https:\/\/fajr.news\/index.php?rest_route=\/wp\/v2\/users\/2"}],"replies":[{"embeddable":true,"href":"https:\/\/fajr.news\/index.php?rest_route=%2Fwp%2Fv2%2Fcomments&post=10051"}],"version-history":[{"count":0,"href":"https:\/\/fajr.news\/index.php?rest_route=\/wp\/v2\/posts\/10051\/revisions"}],"wp:featuredmedia":[{"embeddable":true,"href":"https:\/\/fajr.news\/index.php?rest_route=\/wp\/v2\/media\/10052"}],"wp:attachment":[{"href":"https:\/\/fajr.news\/index.php?rest_route=%2Fwp%2Fv2%2Fmedia&parent=10051"}],"wp:term":[{"taxonomy":"category","embeddable":true,"href":"https:\/\/fajr.news\/index.php?rest_route=%2Fwp%2Fv2%2Fcategories&post=10051"},{"taxonomy":"post_tag","embeddable":true,"href":"https:\/\/fajr.news\/index.php?rest_route=%2Fwp%2Fv2%2Ftags&post=10051"}],"curies":[{"name":"wp","href":"https:\/\/api.w.org\/{rel}","templated":true}]}}