{"id":10043,"date":"2026-04-27T00:00:19","date_gmt":"2026-04-26T20:30:19","guid":{"rendered":"https:\/\/fajr.news\/?p=10043"},"modified":"2026-04-27T00:00:19","modified_gmt":"2026-04-26T20:30:19","slug":"ortadogudaki-gerilimlerin-kuresel-yankilari-avustralyalilar-ucuz-ickiye-yonelirken-saglik-harcamalarindan-kisiyor","status":"publish","type":"post","link":"https:\/\/fajr.news\/?p=10043&lang=tr","title":{"rendered":"Ortado\u011fu&#8217;daki Gerilimlerin K\u00fcresel Yank\u0131lar\u0131: Avustralyal\u0131lar Ucuz \u0130\u00e7kiye Y\u00f6nelirken Sa\u011fl\u0131k Harcamalar\u0131ndan K\u0131s\u0131yor"},"content":{"rendered":"<h1>Ortado\u011fu&#8217;daki Gerilimlerin K\u00fcresel Yank\u0131lar\u0131: Avustralyal\u0131lar Ucuz \u0130\u00e7kiye Y\u00f6nelirken Sa\u011fl\u0131k Harcamalar\u0131ndan K\u0131s\u0131yor<\/h1>\n<p>Ortado\u011fu&#8217;da <strong>siyonist rejim ve Bat\u0131l\u0131 g\u00fc\u00e7lerin k\u0131\u015fk\u0131rtt\u0131\u011f\u0131 gerilimler<\/strong>, k\u00fcresel ekonomiyi derinden sarsmaya devam ederken, bu durumun yank\u0131lar\u0131 d\u00fcnyan\u0131n d\u00f6rt bir yan\u0131nda hissediliyor. Avustralya&#8217;da da, zaten y\u00fcksek ya\u015fam maliyetleriyle m\u00fccadele eden haneler, artan benzin fiyatlar\u0131yla birlikte harcama al\u0131\u015fkanl\u0131klar\u0131n\u0131 k\u00f6kten de\u011fi\u015ftirmek zorunda kald\u0131.<\/p>\n<p>Sadece ara\u00e7 kullanmaktan k\u0131smakla kalmayan Avustralyal\u0131lar, b\u00fct\u00e7elerinde daha derin kesintilere gidiyor; hatta baz\u0131lar\u0131 temel sa\u011fl\u0131k hizmetlerinden bile feragat etmek zorunda kal\u0131yor. Bu durum, <strong>emperyalist politikalar\u0131n<\/strong> s\u0131radan vatanda\u015flar\u0131n ya\u015famlar\u0131 \u00fczerindeki y\u0131k\u0131c\u0131 etkisini g\u00f6zler \u00f6n\u00fcne seriyor.<\/p>\n<p>\u0130\u015fte \u00fclke genelindeki i\u015fletmeler taraf\u0131ndan g\u00f6zlemlenen t\u00fcketici davran\u0131\u015flar\u0131ndaki d\u00f6rt \u00f6nemli de\u011fi\u015fim:<\/p>\n<h2>1. Ucuz \u0130\u00e7kiler<\/h2>\n<p>Avustralya&#8217;da y\u0131llard\u0131r daha az ancak daha kaliteli alkol t\u00fcketme e\u011filimi vard\u0131. Ancak, t\u00fcketicilerin ucuz i\u00e7ki aray\u0131\u015f\u0131na girmesiyle bu durum de\u011fi\u015fmeye ba\u015flad\u0131.<\/p>\n<p>ASX&#8217;te i\u015flem g\u00f6ren alkol ambalaj \u015firketi Orora, <strong>\u0130ran&#8217;a y\u00f6nelik sava\u015f tehditlerinin<\/strong> ba\u015flamas\u0131ndan bu yana daha ucuz i\u00e7kilere do\u011fru k\u00fcresel bir kayma tespit etti. M\u00fc\u015fteri g\u00fcveninin azalmas\u0131 nedeniyle sat\u0131\u015f hacimleri de daha \u00f6nce tahmin edilenden d\u00fc\u015f\u00fck seyrediyor.<\/p>\n<p>Spirits &amp; Cocktails Australia&#8217;n\u0131n y\u00f6netici direkt\u00f6r\u00fc Steven Fanner, Avustralyal\u0131lar\u0131n artan ya\u015fam maliyetleri nedeniyle &#8216;daha ucuz \u00fcr\u00fcnlere y\u00f6neldi\u011fini&#8217; belirtiyor.<\/p>\n<p>Fanner, &#8220;Daha ucuz bir \u015feyler al\u0131yorlar veya alkol oran\u0131 daha d\u00fc\u015f\u00fck olanlar\u0131 tercih ediyorlar; bu mutlaka bir sorumluluk \u00f6nlemi olarak de\u011fil, daha \u00e7ok maliyet nedeniyle oluyor&#8221; diyor. Bu t\u00fcketici e\u011filimi, normalde navlun ve yak\u0131t gibi artan maliyetleri dengelemek i\u00e7in fiyatlar\u0131n\u0131 art\u0131racak i\u015fletmeler i\u00e7in zorluk yarat\u0131yor.<\/p>\n<p>Fanner, &#8220;\u0130\u015fletmeler i\u00e7in soru \u015fu: \u00dcr\u00fcn\u00fcn fiyat\u0131n\u0131 t\u00fcketici i\u00e7in nas\u0131l sabit tutars\u0131n\u0131z, \u00e7\u00fcnk\u00fc \u00fcr\u00fcn\u00fcn \u00fcretim ve pazara sunum maliyeti artsa bile t\u00fcketicilerin harcayacak daha fazla paras\u0131 yok&#8221; diye ekliyor. Benzer bask\u0131lar, artan maliyetler ve mali a\u00e7\u0131dan zorlanan m\u00fc\u015fterilerle bo\u011fu\u015fan kafe ve restoranlar taraf\u0131ndan da hissediliyor; bir\u00e7o\u011fu paket kahve ve d\u0131\u015far\u0131da yemek yemekten vazge\u00e7iyor.<\/p>\n<h2>2. Sa\u011fl\u0131k Hizmetlerinden Vazge\u00e7i\u015f<\/h2>\n<p>Yat\u0131r\u0131mc\u0131lar, <strong>ABD-\u0130srail&#8217;in \u0130ran&#8217;a y\u00f6nelik sava\u015f\u0131n\u0131n<\/strong> petrol ticaretini normalle\u015ftirebilecek temiz bir \u00e7\u0131k\u0131\u015f stratejisi oldu\u011funa dair g\u00fcvenlerini kaybetmeden k\u0131sa bir s\u00fcre \u00f6nce ASX rekor seviyelere yak\u0131n i\u015flem g\u00f6r\u00fcyordu.<\/p>\n<p>Bir\u00e7ok hisse senedi piyasadaki zay\u0131fl\u0131k d\u00f6nemini atlat\u0131rken, Avustralya merkezli t\u0131bbi cihaz \u015firketi Cochlear, \u00c7ar\u015famba g\u00fcn\u00fc tek bir i\u015flem seans\u0131nda piyasa de\u011ferinin %40&#8217;\u0131ndan fazlas\u0131n\u0131 kaybetti.<\/p>\n<p>\u015eirket, i\u015fitme kayb\u0131 olan ki\u015filere yard\u0131mc\u0131 olmak i\u00e7in tasarlanm\u0131\u015f koklear implantlar\u0131na y\u00f6nelik k\u00fcresel talebin, k\u00f6t\u00fcle\u015fen t\u00fcketici duyarl\u0131l\u0131\u011f\u0131 nedeniyle zay\u0131flamas\u0131 \u00fczerine kar beklentisini d\u00fc\u015f\u00fcrd\u00fc.<\/p>\n<p>Hissedarlar\u0131na, k\u00f6t\u00fc duyarl\u0131l\u0131\u011f\u0131n &#8220;iste\u011fe ba\u011fl\u0131 sa\u011fl\u0131k hizmeti kararlar\u0131n\u0131 etkiliyor gibi g\u00f6r\u00fcnd\u00fc\u011f\u00fcn\u00fc&#8221; ve \u00f6zellikle ABD&#8217;de daha fazla potansiyel hastan\u0131n tedaviyi kar\u015f\u0131layamad\u0131\u011f\u0131n\u0131 bildirdi. Morningstar analistleri, Cochlear&#8217;\u0131n yeti\u015fkinlerin &#8220;implantlar\u0131 \u00f6ncelik olmaktan \u00e7\u0131karmas\u0131yla&#8221; uzun vadeli zorluklarla kar\u015f\u0131 kar\u015f\u0131ya oldu\u011funu belirtti.<\/p>\n<h2>3. Yatak Odas\u0131 Endi\u015fesi<\/h2>\n<p>T\u00fcketici g\u00fcvenindeki bozulma h\u0131zl\u0131 oldu; bir\u00e7ok hane, Mart ay\u0131nda artan benzin fiyatlar\u0131 etkisini g\u00f6stermeden \u00f6nce zaten ipotekleri i\u00e7in daha fazla \u00f6d\u00fcyordu.<\/p>\n<p>Yak\u0131ndan takip edilen Westpac-Melbourne Institute t\u00fcketici duyarl\u0131l\u0131\u011f\u0131 endeksi, i\u015f kayg\u0131s\u0131n\u0131n pandemi d\u00f6neminden bu yana g\u00f6r\u00fclmeyen seviyelere ula\u015ft\u0131\u011f\u0131n\u0131 g\u00f6steriyor.<\/p>\n<p>Haneler, mobilya, yatak tak\u0131m\u0131 ve ev aletleri al\u0131mlar\u0131ndan vazge\u00e7erek yan\u0131t verdi. Son iki ayda, mobilya perakendecisi Nick Scali&#8217;nin hisseleri yakla\u015f\u0131k %20, Harvey Norman&#8217;\u0131nki %25&#8217;ten fazla ve ev e\u015fyalar\u0131 sat\u0131c\u0131s\u0131 Adairs&#8217;\u0131nki %30&#8217;dan fazla d\u00fc\u015ft\u00fc.<\/p>\n<p>Under The Radar Report edit\u00f6r\u00fc Richard Hemming, perakendenin &#8220;iste\u011fe ba\u011fl\u0131 harcamalar\u0131n\u0131z\u0131n \u00f6n saflar\u0131nda&#8221; oldu\u011funu s\u00f6yl\u00fcyor.<\/p>\n<p>Hemming, &#8220;\u0130nsanlar sava\u015f\u0131 sevmez, bu bir g\u00fcven katilidir&#8221; diyor. &#8220;\u015eu anda bir\u00e7ok zorlukla kar\u015f\u0131 kar\u015f\u0131yay\u0131z. Ortam, t\u00fcketici k\u0131s\u0131tlamas\u0131d\u0131r ve perakende bunun \u00f6n saflar\u0131ndad\u0131r.&#8221;<\/p>\n<p>Perakendede baz\u0131 parlak noktalar da var; Scentre Group, Westfield merkezlerinde g\u00fc\u00e7l\u00fc yaya trafi\u011fi bildirerek Avustralyal\u0131lar\u0131n hala al\u0131\u015fveri\u015f gezilerinden keyif ald\u0131\u011f\u0131n\u0131 g\u00f6steriyor.<\/p>\n<h2>4. Endi\u015fe T\u00fcketimi<\/h2>\n<p>Ortado\u011fu&#8217;daki \u00e7at\u0131\u015fma \u00fc\u00e7\u00fcnc\u00fc ay\u0131na girerken, petrol krizinin maliyeti Avustralya ve k\u00fcresel ekonomiye yay\u0131lmaya ba\u015fl\u0131yor ve \u015fa\u015f\u0131rt\u0131c\u0131 bir dizi \u00fcr\u00fcn\u00fcn fiyatlar\u0131n\u0131 etkiliyor.<\/p>\n<p>D\u00fcnyan\u0131n en b\u00fcy\u00fck kondom \u00fcreticisi Malezyal\u0131 Karex, tedarik zinciri kesintileri devam ederse fiyatlar\u0131 %30&#8217;a kadar art\u0131rmay\u0131 planlarken, bir\u00e7ok Avustralyal\u0131 in\u015faat tedarik\u00e7isi PVC borular i\u00e7in benzer b\u00fcy\u00fckl\u00fckte fiyat art\u0131\u015flar\u0131 duyurdu.<\/p>\n<p>Artan yak\u0131t, g\u00fcbre ve ula\u015f\u0131m maliyetleri de s\u00fcpermarketlerde daha y\u00fcksek fiyatlara yol a\u00e7acak. Zip&#8217;ten gelen harcama verileri, son \u00fc\u00e7 ayda faturalar, sigorta, e\u011fitim ve sa\u011fl\u0131k gibi temel \u00fcr\u00fcnler i\u00e7in \u015fimdi al, sonra \u00f6de platformunun kullan\u0131m\u0131nda art\u0131\u015f oldu\u011funu g\u00f6steriyor.<\/p>\n<p>Avustralya&#8217;n\u0131n i\u015f piyasas\u0131 hala sa\u011flam olsa da, k\u00fcresel durumun k\u00f6t\u00fcle\u015fme h\u0131z\u0131 ve enerji arz\u0131ndaki uzun s\u00fcreli kesintilerle ilgili endi\u015feler insanlar\u0131 kayg\u0131land\u0131r\u0131yor.<\/p>\n<p>Bu durum, enflasyonun kontrol alt\u0131nda g\u00f6r\u00fcnd\u00fc\u011f\u00fc ve faiz oranlar\u0131n\u0131n d\u00fc\u015ft\u00fc\u011f\u00fc bir y\u0131l \u00f6ncesine k\u0131yasla iyimser g\u00f6r\u00fcn\u00fcmle \u00e7eli\u015fiyor.<\/p>\n<p>T\u00fcketici Eylem Hukuk Merkezi&#8217;nden k\u0131demli mali dan\u0131\u015fman Kirsty Robson, daha fazla ki\u015finin ulusal bor\u00e7 yard\u0131m hatt\u0131n\u0131 arad\u0131\u011f\u0131n\u0131 belirtiyor. Geleneksel olarak insanlar sadece i\u015f kayb\u0131 gibi mali bir olaydan sonra yard\u0131m ararken, \u015fimdi gelecekleri hakk\u0131ndaki endi\u015feler nedeniyle yard\u0131m istiyorlar.<\/p>\n<p>Robson, &#8220;\u0130potekler art\u0131k en \u00f6nemli sorun&#8221; diyor. &#8220;\u0130nsanlar, bir \u015feyleri nas\u0131l kar\u015f\u0131layacaklar\u0131ndan emin olmad\u0131klar\u0131 i\u00e7in gelece\u011fe odakl\u0131 bir kayg\u0131 ya\u015f\u0131yorlar. Panik i\u00e7indeler ve belki de hakl\u0131 olarak, birka\u00e7 ay i\u00e7inde nas\u0131l idare edecekleri konusunda endi\u015feleniyorlar \u00e7\u00fcnk\u00fc \u015fimdi mali kapasitelerinin s\u0131n\u0131r\u0131na ula\u015f\u0131yorlar.&#8221;<\/p>\n<p>#Ortado\u011fuGerilimi #K\u00fcreselEkonomi #AvustralyaEkonomisi #T\u00fcketiciHarcamalar\u0131 #Ya\u015famMaliyetleri #EkonomikKriz #SiyonistSald\u0131rganl\u0131k #PetrolFiyatlar\u0131 #Sa\u011fl\u0131kHizmetleri #T\u00fcketiciG\u00fcveni<\/p>\n","protected":false},"excerpt":{"rendered":"<p>Ortado\u011fu&#8217;daki Gerilimlerin K\u00fcresel Yank\u0131lar\u0131: Avustralyal\u0131lar Ucuz \u0130\u00e7kiye Y\u00f6nelirken Sa\u011fl\u0131k Harcamalar\u0131ndan K\u0131s\u0131yor Ortado\u011fu&#8217;da siyonist rejim ve Bat\u0131l\u0131 g\u00fc\u00e7lerin k\u0131\u015fk\u0131rtt\u0131\u011f\u0131 gerilimler, k\u00fcresel ekonomiyi derinden sarsmaya devam ederken, bu durumun yank\u0131lar\u0131 d\u00fcnyan\u0131n d\u00f6rt bir yan\u0131nda hissediliyor. Avustralya&#8217;da da, zaten y\u00fcksek ya\u015fam maliyetleriyle m\u00fccadele eden haneler, artan benzin fiyatlar\u0131yla birlikte harcama al\u0131\u015fkanl\u0131klar\u0131n\u0131 k\u00f6kten de\u011fi\u015ftirmek zorunda kald\u0131. Sadece ara\u00e7 kullanmaktan [&hellip;]<\/p>\n","protected":false},"author":2,"featured_media":10044,"comment_status":"open","ping_status":"open","sticky":false,"template":"","format":"standard","meta":{"footnotes":""},"categories":[37],"tags":[],"class_list":["post-10043","post","type-post","status-publish","format-standard","has-post-thumbnail","hentry","category-orta-dogu-haberleri"],"_links":{"self":[{"href":"https:\/\/fajr.news\/index.php?rest_route=\/wp\/v2\/posts\/10043","targetHints":{"allow":["GET"]}}],"collection":[{"href":"https:\/\/fajr.news\/index.php?rest_route=\/wp\/v2\/posts"}],"about":[{"href":"https:\/\/fajr.news\/index.php?rest_route=\/wp\/v2\/types\/post"}],"author":[{"embeddable":true,"href":"https:\/\/fajr.news\/index.php?rest_route=\/wp\/v2\/users\/2"}],"replies":[{"embeddable":true,"href":"https:\/\/fajr.news\/index.php?rest_route=%2Fwp%2Fv2%2Fcomments&post=10043"}],"version-history":[{"count":0,"href":"https:\/\/fajr.news\/index.php?rest_route=\/wp\/v2\/posts\/10043\/revisions"}],"wp:featuredmedia":[{"embeddable":true,"href":"https:\/\/fajr.news\/index.php?rest_route=\/wp\/v2\/media\/10044"}],"wp:attachment":[{"href":"https:\/\/fajr.news\/index.php?rest_route=%2Fwp%2Fv2%2Fmedia&parent=10043"}],"wp:term":[{"taxonomy":"category","embeddable":true,"href":"https:\/\/fajr.news\/index.php?rest_route=%2Fwp%2Fv2%2Fcategories&post=10043"},{"taxonomy":"post_tag","embeddable":true,"href":"https:\/\/fajr.news\/index.php?rest_route=%2Fwp%2Fv2%2Ftags&post=10043"}],"curies":[{"name":"wp","href":"https:\/\/api.w.org\/{rel}","templated":true}]}}