{"id":10027,"date":"2026-04-26T23:39:32","date_gmt":"2026-04-26T20:09:32","guid":{"rendered":"https:\/\/fajr.news\/?p=10027"},"modified":"2026-04-26T23:39:32","modified_gmt":"2026-04-26T20:09:32","slug":"iran-disisleri-bakani-trumpin-elcilerin-gezisini-iptal-etmesine-ragmen-pakistana-geri-dondu","status":"publish","type":"post","link":"https:\/\/fajr.news\/?p=10027&lang=tr","title":{"rendered":"\u0130ran D\u0131\u015fi\u015fleri Bakan\u0131, Trump&#8217;\u0131n El\u00e7ilerin Gezisini \u0130ptal Etmesine Ra\u011fmen Pakistan&#8217;a Geri D\u00f6nd\u00fc"},"content":{"rendered":"<p>Abbas Araghchi, Umman ziyaretinin ard\u0131ndan ve Moskova gezisi \u00f6ncesinde \u0130slamabad&#8217;a ula\u015ft\u0131. ABD Ba\u015fkan\u0131 Donald Trump&#8217;\u0131n el\u00e7ilerinin \u0130slamabad&#8217;a yapmay\u0131 planlad\u0131\u011f\u0131 geziyi iptal etmesine ra\u011fmen, \u0130ran D\u0131\u015fi\u015fleri Bakan\u0131 bar\u0131\u015f g\u00f6r\u00fc\u015fmeleri i\u00e7in Pazar g\u00fcn\u00fc Pakistan&#8217;a geri d\u00f6nd\u00fc.<br \/>\nAbbas Araghchi, &#8220;sava\u015f\u0131 tamamen sona erdirecek herhangi bir anlay\u0131\u015f \u00e7er\u00e7evesinde \u0130ran&#8217;\u0131n pozisyonlar\u0131n\u0131 ve g\u00f6r\u00fc\u015flerini&#8221; iletmek \u00fczere Pakistanl\u0131 yetkililerle yeniden bir araya gelecek.<br \/>\nIsna haber ajans\u0131na g\u00f6re, Tahran D\u0131\u015fi\u015fleri Bakan\u0131 bir g\u00fcn \u00f6nce \u0130slamabad&#8217;dayd\u0131 ve ard\u0131ndan Umman&#8217;a ge\u00e7ti; di\u011fer \u0130ranl\u0131 el\u00e7iler ise &#8220;sava\u015f\u0131 sona erdirme ile ilgili konularda dan\u0131\u015fmak ve gerekli talimatlar\u0131 almak&#8221; \u00fczere Tahran&#8217;a geri d\u00f6nm\u00fc\u015ft\u00fc.<br \/>\nCumartesi g\u00fcn\u00fc \u0130slamabad&#8217;daki \u0130ran-Pakistan g\u00f6r\u00fc\u015fmelerinden \u00f6nce Beyaz Saray, Trump&#8217;\u0131n Orta Do\u011fu el\u00e7isi Steve Witkoff ve damad\u0131 Jared Kushner&#8217;\u0131n m\u00fczakerelere kat\u0131lmak \u00fczere Pakistan&#8217;a gitmeyi planlad\u0131\u011f\u0131n\u0131 duyurmu\u015ftu.<br \/>\nAncak Trump daha sonra Fox News&#8217;e yapt\u0131\u011f\u0131 a\u00e7\u0131klamada, &#8220;hi\u00e7bir \u015fey hakk\u0131nda oturup konu\u015fman\u0131n bir anlam\u0131 olmad\u0131\u011f\u0131n\u0131&#8221; belirterek geziyi iptal etti\u011fini s\u00f6yledi.<br \/>\nTahran&#8217;\u0131n m\u00fczakere pozisyonunu reddetti, ancak karar\u0131ndan dakikalar sonra \u0130ran&#8217;\u0131n teklifini revize etti\u011fini ekledi.<br \/>\n&#8220;Bize daha iyi olmas\u0131 gereken bir belge verdiler ve -ilgin\u00e7 bir \u015fekilde- ben iptal etti\u011fimde, 10 dakika i\u00e7inde \u00e7ok daha iyi yeni bir belge ald\u0131k,&#8221; dedi, herhangi bir detay vermeden.<br \/>\nGeziyi durdurman\u0131n sava\u015fa geri d\u00f6n\u00fc\u015f anlam\u0131na gelip gelmedi\u011fi soruldu\u011funda Trump, &#8220;Hay\u0131r, bu anlama gelmiyor. Bunu hen\u00fcz d\u00fc\u015f\u00fcnmedik,&#8221; diye yan\u0131t verdi.<br \/>\nCumartesi gecesi ilerleyen saatlerde, Beyaz Saray Muhabirleri Derne\u011fi Yeme\u011fi d\u0131\u015f\u0131nda silah sesleri duyulmas\u0131n\u0131n ard\u0131ndan Trump ve di\u011fer \u00fcst d\u00fczey ABD liderleri Washington Hilton&#8217;dan tahliye edildi.<br \/>\nTrump daha sonra gazetecilere, &#8220;Bu beni \u0130ran&#8217;daki sava\u015f\u0131 kazanmaktan al\u0131koymayacak,&#8221; dedi.<br \/>\n&#8220;Bunun [sava\u015fla] bir ilgisi olup olmad\u0131\u011f\u0131n\u0131 bilmiyorum, bildiklerimize g\u00f6re ger\u00e7ekten \u00f6yle d\u00fc\u015f\u00fcnm\u00fcyorum.&#8221;<br \/>\nTrump, bir Gizli Servis ajan\u0131n\u0131n silahla vuruldu\u011funu ancak kur\u015fun ge\u00e7irmez yelekle kurtuldu\u011funu belirtti.<br \/>\nBa\u015fkan daha sonra Truth Social&#8217;da \u015f\u00fcpheli sald\u0131rgan\u0131n y\u00fcz\u00fcst\u00fc, \u00fcsts\u00fcz ve elleri arkadan kelep\u00e7eli bir foto\u011fraf\u0131n\u0131 payla\u015ft\u0131.<br \/>\n\u0130ran, ABD&#8217;nin g\u00f6r\u00fc\u015fmelerdeki niyetlerine \u015f\u00fcpheyle yakla\u015f\u0131yor.<br \/>\nAraghchi, Pazar g\u00fcn\u00fc Maskat&#8217;ta Umman Sultan\u0131 Heysem bin Tar\u0131k el-Said ile g\u00f6r\u00fc\u015fmelerde bulundu.<br \/>\n\u0130ran D\u0131\u015fi\u015fleri Bakanl\u0131\u011f\u0131&#8217;ndan yap\u0131lan a\u00e7\u0131klamaya g\u00f6re, H\u00fcrm\u00fcz Bo\u011faz\u0131 ve daha geni\u015f K\u00f6rfez sular\u0131ndaki g\u00fcvenlik ile sava\u015f\u0131 sona erdirmeye y\u00f6nelik diplomatik \u00e7abalar\u0131 ele ald\u0131lar.<br \/>\nA\u00e7\u0131klamada, Araghchi&#8217;nin Orta Do\u011fu&#8217;daki ABD askeri varl\u0131\u011f\u0131n\u0131n g\u00fcvensizli\u011fi ve b\u00f6l\u00fcnmeyi k\u00f6r\u00fckledi\u011fini s\u00f6yledi\u011fi ve d\u0131\u015f m\u00fcdahaleden ar\u0131nm\u0131\u015f b\u00f6lgesel bir g\u00fcvenlik \u00e7er\u00e7evesi \u00e7a\u011fr\u0131s\u0131nda bulundu\u011fu belirtildi.<br \/>\nCumartesi g\u00fcn\u00fc Araghchi, Pakistan&#8217;\u0131n \u00f6nemli arabulucular\u0131ndan askeri \u015fefi As\u0131m M\u00fcnir&#8217;in yan\u0131 s\u0131ra Ba\u015fbakan \u015eehbaz \u015eerif ve D\u0131\u015fi\u015fleri Bakan\u0131 \u0130shak Dar ile bir araya geldi.<br \/>\nAraghchi, ilk Pakistan gezisini &#8220;\u00e7ok verimli&#8221; olarak nitelendirdi, ancak Washington&#8217;\u0131n niyetleri konusunda \u015f\u00fcpheciydi. &#8220;ABD&#8217;nin diplomasi konusunda ger\u00e7ekten ciddi olup olmad\u0131\u011f\u0131n\u0131 hen\u00fcz g\u00f6rmemiz gerekiyor,&#8221; dedi.<br \/>\nD\u0131\u015fi\u015fleri Bakan\u0131&#8217;n\u0131n Pazar g\u00fcn\u00fc \u0130slamabad&#8217;daki g\u00f6r\u00fc\u015fmelerin ard\u0131ndan Moskova&#8217;ya gitmesi bekleniyor.<br \/>\n\u0130ran \u0130slam Devrim Muhaf\u0131zlar\u0131 Ordusu, d\u00fcnyan\u0131n ham petrol ve s\u0131v\u0131la\u015ft\u0131r\u0131lm\u0131\u015f do\u011fal gaz\u0131n\u0131n be\u015fte birinin ge\u00e7ti\u011fi H\u00fcrm\u00fcz Bo\u011faz\u0131&#8217;ndaki devam eden ablukas\u0131n\u0131 kald\u0131rma niyetinde olmad\u0131\u011f\u0131n\u0131 belirtti.<br \/>\nIRGC, resmi Telegram kanal\u0131ndan yapt\u0131\u011f\u0131 a\u00e7\u0131klamada, &#8220;H\u00fcrm\u00fcz Bo\u011faz\u0131&#8217;n\u0131 kontrol etmek ve cayd\u0131r\u0131c\u0131 etkisinin g\u00f6lgesini Amerika ile Beyaz Saray&#8217;\u0131n b\u00f6lgedeki destek\u00e7ileri \u00fczerinde tutmak, \u0130slami \u0130ran&#8217;\u0131n kesin stratejisidir,&#8221; dedi.<br \/>\nABD&#8217;nin kendisi de \u0130ran limanlar\u0131na abluka uygulam\u0131\u015f durumda.<br \/>\n\u0130srail, L\u00fcbnan ate\u015fkesini ihlal etmeye devam ediyor.<br \/>\nBu arada L\u00fcbnan&#8217;da devlet medyas\u0131, devam eden ate\u015fkese ra\u011fmen \u0130srail ordusunun Pazar g\u00fcn\u00fc \u00fclkenin g\u00fcneyini vurmaya devam etti\u011fini ve \u00fc\u00e7 ki\u015fiyi \u00f6ld\u00fcrd\u00fc\u011f\u00fcn\u00fc bildirdi.<br \/>\nUlusal Haber Ajans\u0131, \u0130srail sava\u015f u\u00e7aklar\u0131n\u0131n Nebatiye, Bint Cbeyl ve Sur b\u00f6lgelerindeki k\u00f6ylere sald\u0131r\u0131lar d\u00fczenledi\u011fini belirtti.<br \/>\n\u0130srail ordusu, 17 Nisan&#8217;da y\u00fcr\u00fcrl\u00fc\u011fe giren ate\u015fkesin ard\u0131ndan L\u00fcbnan&#8217;da tekrarlanan sald\u0131r\u0131lar ger\u00e7ekle\u015ftirdi.<br \/>\n\u0130srail g\u00fc\u00e7leri, g\u00fcney L\u00fcbnan&#8217;\u0131n yakla\u015f\u0131k 10 kilometre i\u00e7ine uzanan ve &#8220;sar\u0131 hat&#8221; olarak adland\u0131rd\u0131\u011f\u0131 b\u00f6lgeleri i\u015fgal etmeye devam etti ve b\u00f6lge sakinlerini geri d\u00f6nmemeleri konusunda tehdit etti.<br \/>\n\u0130srail ordusu, g\u00fcney L\u00fcbnan&#8217;\u0131n Sur b\u00f6lgesindeki Mansuri k\u00f6y\u00fc \u00fczerine bro\u015f\u00fcrler atarak sivilleri b\u00f6lgedeki yakla\u015f\u0131k yirmi k\u00f6yden uzak durmalar\u0131 konusunda uyard\u0131.<br \/>\nOrdu s\u00f6zc\u00fcs\u00fc Avichay Adraee, X&#8217;teki bir g\u00f6nderide Litani Nehri, Vadi Salhania ve Saluki \u00e7evresindeki b\u00f6lgelere eri\u015fime kar\u015f\u0131 uyar\u0131lar\u0131 da yineledi.<br \/>\nAdraee ayr\u0131ca, sakinlerinin geri d\u00f6nmesine &#8220;izin verilmeyen&#8221; \u2013 sar\u0131 hat i\u00e7inde yer alan \u2013 d\u00fczinelerce k\u00f6y\u00fcn ad\u0131n\u0131 da verdi.<br \/>\nL\u00fcbnan Sa\u011fl\u0131k Bakanl\u0131\u011f\u0131, 2 Mart&#8217;tan bu yana devam eden \u0130srail sald\u0131r\u0131lar\u0131nda \u00f6l\u00fc say\u0131s\u0131n\u0131n 2.496&#8217;ya, yaral\u0131 say\u0131s\u0131n\u0131n ise en az 7.725&#8217;e y\u00fckseldi\u011fini bildirdi.<br \/>\nCumartesi g\u00fcn\u00fc g\u00fcney L\u00fcbnan&#8217;daki \u0130srail sald\u0131r\u0131lar\u0131nda, ate\u015fkese ra\u011fmen d\u00f6rt ki\u015fi hayat\u0131n\u0131 kaybetti.<br \/>\n#\u0130ran #Pakistan #Diplomasi #Bar\u0131\u015fG\u00f6r\u00fc\u015fmeleri #H\u00fcrm\u00fczBo\u011faz\u0131 #ABD\u0130ran\u0130li\u015fkileri #DonaldTrump #AbbasAraghchi #L\u00fcbnan #\u0130srailSald\u0131r\u0131lar\u0131<\/p>\n","protected":false},"excerpt":{"rendered":"<p>Abbas Araghchi, Umman ziyaretinin ard\u0131ndan ve Moskova gezisi \u00f6ncesinde \u0130slamabad&#8217;a ula\u015ft\u0131. ABD Ba\u015fkan\u0131 Donald Trump&#8217;\u0131n el\u00e7ilerinin \u0130slamabad&#8217;a yapmay\u0131 planlad\u0131\u011f\u0131 geziyi iptal etmesine ra\u011fmen, \u0130ran D\u0131\u015fi\u015fleri Bakan\u0131 bar\u0131\u015f g\u00f6r\u00fc\u015fmeleri i\u00e7in Pazar g\u00fcn\u00fc Pakistan&#8217;a geri d\u00f6nd\u00fc. Abbas Araghchi, &#8220;sava\u015f\u0131 tamamen sona erdirecek herhangi bir anlay\u0131\u015f \u00e7er\u00e7evesinde \u0130ran&#8217;\u0131n pozisyonlar\u0131n\u0131 ve g\u00f6r\u00fc\u015flerini&#8221; iletmek \u00fczere Pakistanl\u0131 yetkililerle yeniden bir araya [&hellip;]<\/p>\n","protected":false},"author":2,"featured_media":10028,"comment_status":"open","ping_status":"open","sticky":false,"template":"","format":"standard","meta":{"footnotes":""},"categories":[37],"tags":[],"class_list":["post-10027","post","type-post","status-publish","format-standard","has-post-thumbnail","hentry","category-orta-dogu-haberleri"],"_links":{"self":[{"href":"https:\/\/fajr.news\/index.php?rest_route=\/wp\/v2\/posts\/10027","targetHints":{"allow":["GET"]}}],"collection":[{"href":"https:\/\/fajr.news\/index.php?rest_route=\/wp\/v2\/posts"}],"about":[{"href":"https:\/\/fajr.news\/index.php?rest_route=\/wp\/v2\/types\/post"}],"author":[{"embeddable":true,"href":"https:\/\/fajr.news\/index.php?rest_route=\/wp\/v2\/users\/2"}],"replies":[{"embeddable":true,"href":"https:\/\/fajr.news\/index.php?rest_route=%2Fwp%2Fv2%2Fcomments&post=10027"}],"version-history":[{"count":0,"href":"https:\/\/fajr.news\/index.php?rest_route=\/wp\/v2\/posts\/10027\/revisions"}],"wp:featuredmedia":[{"embeddable":true,"href":"https:\/\/fajr.news\/index.php?rest_route=\/wp\/v2\/media\/10028"}],"wp:attachment":[{"href":"https:\/\/fajr.news\/index.php?rest_route=%2Fwp%2Fv2%2Fmedia&parent=10027"}],"wp:term":[{"taxonomy":"category","embeddable":true,"href":"https:\/\/fajr.news\/index.php?rest_route=%2Fwp%2Fv2%2Fcategories&post=10027"},{"taxonomy":"post_tag","embeddable":true,"href":"https:\/\/fajr.news\/index.php?rest_route=%2Fwp%2Fv2%2Ftags&post=10027"}],"curies":[{"name":"wp","href":"https:\/\/api.w.org\/{rel}","templated":true}]}}