{"id":10003,"date":"2026-04-26T23:04:18","date_gmt":"2026-04-26T19:34:18","guid":{"rendered":"https:\/\/fajr.news\/?p=10003"},"modified":"2026-04-26T23:04:18","modified_gmt":"2026-04-26T19:34:18","slug":"trump-fox-newsa-witkoff-ve-kushneri-iran-gorusmeleri-icin-pakistana-gondermeyecegini-soyledi","status":"publish","type":"post","link":"https:\/\/fajr.news\/?p=10003&lang=tr","title":{"rendered":"Trump, Fox News&#8217;a Witkoff ve Kushner&#8217;\u0131 \u0130ran g\u00f6r\u00fc\u015fmeleri i\u00e7in Pakistan&#8217;a g\u00f6ndermeyece\u011fini s\u00f6yledi"},"content":{"rendered":"<p>Ba\u015fkan Donald Trump, \u0130ran&#8217;\u0131n \u00fcst d\u00fczey diplomat\u0131n\u0131n Cumartesi ge\u00e7 saatlerde \u0130slamabad&#8217;dan ayr\u0131lmas\u0131ndan k\u0131sa bir s\u00fcre sonra, ABD el\u00e7ilerine \u0130ran ile daha fazla g\u00f6r\u00fc\u015fme i\u00e7in Pakistan&#8217;a gitmemelerini s\u00f6yledi\u011fini belirtti.<\/p>\n<p>Trump, Fox News&#8217;a yapt\u0131\u011f\u0131 a\u00e7\u0131klamada, &#8220;\u0130stedikleri zaman bizi arayabilirler&#8221; dedi. Beyaz Saray Cuma g\u00fcn\u00fc, Steve Witkoff ve Jared Kushner&#8217;\u0131n ate\u015fkes m\u00fczakerelerini yeniden canland\u0131rmak amac\u0131yla Pakistan&#8217;\u0131n ba\u015fkentine gidece\u011fini duyurmu\u015ftu.<\/p>\n<p>\u0130ran D\u0131\u015fi\u015fleri Bakan\u0131 Abbas Araghchi&#8217;nin Cumartesi ak\u015fam\u0131 Pakistan&#8217;dan ayr\u0131ld\u0131\u011f\u0131n\u0131, iki Pakistanl\u0131 yetkili, medyaya konu\u015fma yetkileri olmad\u0131\u011f\u0131 i\u00e7in ismini vermeden Associated Press&#8217;e bildirdi.<\/p>\n<p>Araghchi, Pakistan Ordu Komutan\u0131 Mare\u015fal As\u0131m M\u00fcnir ve Ba\u015fbakan \u015eehbaz \u015eerif ile g\u00f6r\u00fc\u015ferek \u0130ran&#8217;\u0131n m\u00fczakerelerdeki k\u0131rm\u0131z\u0131 \u00e7izgilerini dile getirmi\u015f ve Tahran&#8217;\u0131n Pakistan&#8217;\u0131n arabuluculuk \u00e7abalar\u0131na &#8220;bir sonu\u00e7 elde edilene kadar&#8221; kat\u0131laca\u011f\u0131n\u0131 belirtmi\u015fti. \u0130ran, g\u00f6r\u00fc\u015fmelerin dolayl\u0131 olaca\u011f\u0131n\u0131 s\u00f6ylemi\u015fti.<\/p>\n<p>S\u00fcresiz bir ate\u015fkes \u00e7at\u0131\u015fmalar\u0131n \u00e7o\u011funu durdurmu\u015f olsa da, H\u00fcrm\u00fcz Bo\u011faz\u0131&#8217;n\u0131n neredeyse kapanmas\u0131yla petrol, s\u0131v\u0131la\u015ft\u0131r\u0131lm\u0131\u015f do\u011fal gaz, g\u00fcbre ve di\u011fer tedariklerin k\u00fcresel sevkiyat\u0131n\u0131n aksamas\u0131yla ekonomik sonu\u00e7lar b\u00fcy\u00fcyor.<\/p>\n<p>\u0130ranl\u0131 yetkililer, ge\u00e7en y\u0131l ve bu y\u0131l\u0131n ba\u015flar\u0131nda Tahran&#8217;\u0131n n\u00fckleer program\u0131 \u00fczerine yap\u0131lan g\u00f6r\u00fc\u015fmelerin ABD ve \u0130srail taraf\u0131ndan sald\u0131r\u0131yla sonu\u00e7lanmas\u0131ndan sonra ABD&#8217;ye nas\u0131l g\u00fcvenebileceklerini a\u00e7\u0131k\u00e7a sormu\u015flard\u0131.<\/p>\n<p>\u0130ran, g\u00f6r\u00fc\u015fmelerin dolayl\u0131 olaca\u011f\u0131n\u0131 belirtmi\u015fti.<\/p>\n<p>\u0130slamabad, beklenen g\u00f6r\u00fc\u015fmeler \u00f6ncesinde neredeyse tamamen kilitlenmi\u015fti. Pakistan, Trump&#8217;\u0131n bu hafta ate\u015fkesi s\u00fcresiz olarak uzatma karar\u0131n\u0131 a\u00e7\u0131klamas\u0131ndan ve \u0130slamabad&#8217;\u0131n daha fazla diplomatik temas talebini onurland\u0131rmas\u0131ndan bu yana ABD ve \u0130ran&#8217;\u0131 masaya geri getirmeye \u00e7al\u0131\u015f\u0131yordu.<\/p>\n<p>Beyaz Saray Cuma g\u00fcn\u00fc, Trump&#8217;\u0131n Araghchi ile g\u00f6r\u00fc\u015fmek \u00fczere Witkoff ve Kushner&#8217;\u0131 g\u00f6nderece\u011fini s\u00f6ylemi\u015fti. Ancak \u0130ran D\u0131\u015fi\u015fleri Bakanl\u0131\u011f\u0131, herhangi bir g\u00f6r\u00fc\u015fmenin dolayl\u0131 olaca\u011f\u0131n\u0131 ve Pakistanl\u0131 yetkililerin mesajlar\u0131 iletece\u011fini belirtmi\u015fti.<\/p>\n<p>Pakistan&#8217;daki ilk tur g\u00f6r\u00fc\u015fmeler, ABD taraf\u0131nda Ba\u015fkan Yard\u0131mc\u0131s\u0131 JD Vance liderli\u011finde 20 saatten fazla s\u00fcrm\u00fc\u015f ve 1979&#8217;daki \u0130slam Devrimi&#8217;nden bu yana uzun s\u00fcredir d\u00fc\u015fman olan taraflar aras\u0131ndaki en \u00fcst d\u00fczey do\u011frudan g\u00f6r\u00fc\u015fmeler olmu\u015ftu.<\/p>\n<p>Araghchi ve Trump&#8217;\u0131n el\u00e7ileri, 27 \u015eubat&#8217;ta Cenevre&#8217;de saatlerce s\u00fcren dolayl\u0131 g\u00f6r\u00fc\u015fmeler yapm\u0131\u015f ancak bir anla\u015fmaya varamadan ayr\u0131lm\u0131\u015flard\u0131. Ertesi g\u00fcn \u0130srail ve Amerika Birle\u015fik Devletleri sava\u015f\u0131 ba\u015flatm\u0131\u015ft\u0131.<\/p>\n<p>Bo\u011faz \u00e7evresindeki gerilim devam ediyor.<\/p>\n<p>Uluslararas\u0131 standart olan Brent ham petrol\u00fcn\u00fcn fiyat\u0131, sava\u015f ba\u015flad\u0131\u011f\u0131ndan bu yana neredeyse %50 daha y\u00fcksek seyrediyor. Bunun nedeni, d\u00fcnya petrol\u00fcn\u00fcn be\u015fte birinin bar\u0131\u015f zaman\u0131nda ge\u00e7ti\u011fi stratejik bir suyolu olan H\u00fcrm\u00fcz Bo\u011faz\u0131 \u00fczerindeki \u0130ran&#8217;\u0131n kontrol\u00fc.<\/p>\n<p>\u0130ran bu hafta \u00fc\u00e7 gemiye sald\u0131rd\u0131, ABD ise \u0130ran limanlar\u0131 \u00fczerindeki ablukay\u0131 s\u00fcrd\u00fcr\u00fcyor. Trump, orduya may\u0131n yerle\u015ftirebilecek k\u00fc\u00e7\u00fck tekneleri &#8220;vurma ve \u00f6ld\u00fcrme&#8221; emri verdi.<\/p>\n<p>Almanya Savunma Bakan\u0131 Boris Pistorius Cumartesi g\u00fcn\u00fc yapt\u0131\u011f\u0131 a\u00e7\u0131klamada, \u00fclkesinin d\u00fc\u015fmanl\u0131klar sona erdi\u011finde H\u00fcrm\u00fcz Bo\u011faz\u0131&#8217;ndan \u0130ran may\u0131nlar\u0131n\u0131 temizlemeye yard\u0131mc\u0131 olmak i\u00e7in Akdeniz&#8217;e may\u0131n tarama gemileri g\u00f6nderece\u011fini s\u00f6yledi.<\/p>\n<p>Bo\u011fazdan yap\u0131lan sevkiyatlardaki s\u0131k\u0131\u015f\u0131kl\u0131k, d\u00fcnyan\u0131n neredeyse yar\u0131s\u0131 kadar uzaktaki Panama Kanal\u0131 da dahil olmak \u00fczere k\u00fcresel deniz ticaretine yay\u0131ld\u0131.<\/p>\n<p>Cumartesi g\u00fcn\u00fc ayr\u0131ca, \u0130ran, ABD ve \u0130srail&#8217;in iki ay \u00f6nceki sald\u0131r\u0131lar\u0131yla sava\u015f\u0131n ba\u015flamas\u0131ndan bu yana ilk kez Tahran Uluslararas\u0131 Havaliman\u0131&#8217;ndan ticari u\u00e7u\u015flara yeniden ba\u015flad\u0131. \u0130ran devlet televizyonuna g\u00f6re, u\u00e7u\u015flar\u0131n \u0130stanbul, Umman&#8217;\u0131n ba\u015fkenti Maskat ve Suudi Arabistan&#8217;\u0131n Medine \u015fehrine yap\u0131lmas\u0131 planland\u0131. \u0130ran, ate\u015fkes nedeniyle bu ay\u0131n ba\u015flar\u0131nda hava sahas\u0131n\u0131 k\u0131smen yeniden a\u00e7m\u0131\u015ft\u0131.<\/p>\n<p>Ate\u015fkesler s\u00fcrse de artan bir bedel \u00f6deniyor.<\/p>\n<p>Yetkililer, sava\u015f ba\u015flad\u0131\u011f\u0131ndan bu yana \u0130ran&#8217;da en az 3.375 ki\u015finin, \u0130srail ile \u0130ran destekli militan grup Hizbullah aras\u0131nda \u0130ran sava\u015f\u0131n\u0131n ba\u015flamas\u0131ndan iki g\u00fcn sonra yeni \u00e7at\u0131\u015fmalar\u0131n \u00e7\u0131kt\u0131\u011f\u0131 L\u00fcbnan&#8217;da ise 2.490&#8217;dan fazla ki\u015finin \u00f6ld\u00fcr\u00fcld\u00fc\u011f\u00fcn\u00fc belirtiyor.<\/p>\n<p>Ek olarak, \u0130srail&#8217;de 23 ki\u015fi ve K\u00f6rfez Arap \u00fclkelerinde bir d\u00fczineden fazla ki\u015fi \u00f6ld\u00fcr\u00fcld\u00fc. L\u00fcbnan&#8217;da on be\u015f \u0130srail askeri, b\u00f6lgede 13 ABD askeri ve g\u00fcney L\u00fcbnan&#8217;daki BM bar\u0131\u015f g\u00fcc\u00fcnden alt\u0131 \u00fcye hayat\u0131n\u0131 kaybetti.<\/p>\n<p>Trump Per\u015fembe g\u00fcn\u00fc, \u0130srail ve L\u00fcbnan&#8217;\u0131n \u0130srail ile Hizbullah aras\u0131ndaki ate\u015fkese \u00fc\u00e7 hafta daha uzatma konusunda anla\u015ft\u0131\u011f\u0131n\u0131 duyurdu. Hizbullah, Washington arabuluculu\u011fundaki diplomasiye kat\u0131lmad\u0131.<\/p>\n<p>#Trump #\u0130ran #Pakistan #H\u00fcrm\u00fczBo\u011faz\u0131 #Ate\u015fkes #Diplomasi #ABD #\u0130srail #Ortado\u011fu #K\u00fcreselTicaret<\/p>\n","protected":false},"excerpt":{"rendered":"<p>Ba\u015fkan Donald Trump, \u0130ran&#8217;\u0131n \u00fcst d\u00fczey diplomat\u0131n\u0131n Cumartesi ge\u00e7 saatlerde \u0130slamabad&#8217;dan ayr\u0131lmas\u0131ndan k\u0131sa bir s\u00fcre sonra, ABD el\u00e7ilerine \u0130ran ile daha fazla g\u00f6r\u00fc\u015fme i\u00e7in Pakistan&#8217;a gitmemelerini s\u00f6yledi\u011fini belirtti. Trump, Fox News&#8217;a yapt\u0131\u011f\u0131 a\u00e7\u0131klamada, &#8220;\u0130stedikleri zaman bizi arayabilirler&#8221; dedi. Beyaz Saray Cuma g\u00fcn\u00fc, Steve Witkoff ve Jared Kushner&#8217;\u0131n ate\u015fkes m\u00fczakerelerini yeniden canland\u0131rmak amac\u0131yla Pakistan&#8217;\u0131n ba\u015fkentine gidece\u011fini [&hellip;]<\/p>\n","protected":false},"author":2,"featured_media":10004,"comment_status":"open","ping_status":"open","sticky":false,"template":"","format":"standard","meta":{"footnotes":""},"categories":[31],"tags":[],"class_list":["post-10003","post","type-post","status-publish","format-standard","has-post-thumbnail","hentry","category-iran-haberleri"],"_links":{"self":[{"href":"https:\/\/fajr.news\/index.php?rest_route=\/wp\/v2\/posts\/10003","targetHints":{"allow":["GET"]}}],"collection":[{"href":"https:\/\/fajr.news\/index.php?rest_route=\/wp\/v2\/posts"}],"about":[{"href":"https:\/\/fajr.news\/index.php?rest_route=\/wp\/v2\/types\/post"}],"author":[{"embeddable":true,"href":"https:\/\/fajr.news\/index.php?rest_route=\/wp\/v2\/users\/2"}],"replies":[{"embeddable":true,"href":"https:\/\/fajr.news\/index.php?rest_route=%2Fwp%2Fv2%2Fcomments&post=10003"}],"version-history":[{"count":0,"href":"https:\/\/fajr.news\/index.php?rest_route=\/wp\/v2\/posts\/10003\/revisions"}],"wp:featuredmedia":[{"embeddable":true,"href":"https:\/\/fajr.news\/index.php?rest_route=\/wp\/v2\/media\/10004"}],"wp:attachment":[{"href":"https:\/\/fajr.news\/index.php?rest_route=%2Fwp%2Fv2%2Fmedia&parent=10003"}],"wp:term":[{"taxonomy":"category","embeddable":true,"href":"https:\/\/fajr.news\/index.php?rest_route=%2Fwp%2Fv2%2Fcategories&post=10003"},{"taxonomy":"post_tag","embeddable":true,"href":"https:\/\/fajr.news\/index.php?rest_route=%2Fwp%2Fv2%2Ftags&post=10003"}],"curies":[{"name":"wp","href":"https:\/\/api.w.org\/{rel}","templated":true}]}}